{"id":4024,"date":"2014-01-03T22:06:00","date_gmt":"2014-01-03T22:06:00","guid":{"rendered":"http:\/\/formalprision.info\/2014\/01\/03\/encarcelado-por-la-cabeza-de-un-miembro\/"},"modified":"2015-06-03T08:41:13","modified_gmt":"2015-06-03T08:41:13","slug":"encarcelado-por-la-cabeza-de-un-miembro","status":"publish","type":"post","link":"https:\/\/formalprision.com\/?p=4024","title":{"rendered":"Preso por &quot;batear&quot; la cabeza de un miembro de la banda de &quot;Los Primos&quot;"},"content":{"rendered":"<div style=\"font-family: Noteworthy; font-size: 18px; font-weight: bold; line-height: 24px; -webkit-tap-highlight-color: rgba(26, 26, 26, 0.296875); -webkit-composition-fill-color: rgba(130, 98, 83, 0.0976563); -webkit-composition-frame-color: rgba(191, 107, 82, 0.496094); \">Agentes de la SSP detuvieron a &nbsp;Miguel As\u00eds Garrido Cocom (a) \u201cMike\u201d , luego de batear la cabeza de un&nbsp;miembro&nbsp;de la banda de \u201cLos Primos\u201d.<\/div>\n<div style=\"font-family: Noteworthy; font-size: 18px; font-weight: bold; line-height: 24px; -webkit-tap-highlight-color: rgba(26, 26, 26, 0.296875); -webkit-composition-fill-color: rgba(130, 98, 83, 0.0976563); -webkit-composition-frame-color: rgba(191, 107, 82, 0.496094); \">Por este motivo, Miguel As\u00eds ahora enfrenta proceso ante el Juzgado Quinto Penal por el delito de ataques peligrosos, denunciado por&nbsp;Francisco Miguel Uc\u00e1n Balam.&nbsp;<\/div>\n<div style=\"font-family: Noteworthy; font-size: 18px; font-weight: bold; line-height: 24px; -webkit-tap-highlight-color: rgba(26, 26, 26, 0.296875); -webkit-composition-fill-color: rgba(130, 98, 83, 0.0976563); -webkit-composition-frame-color: rgba(191, 107, 82, 0.496094); \">Seg\u00fan las constancias del expediente, el mi\u00e9rcoles pasado Uc\u00e1n Balam caminaba&nbsp;sobre&nbsp;la calle 153-A&nbsp;entre 48 y 50 del fraccionamiento Brisas del Sur.<\/div>\n<div style=\"font-family: Noteworthy; font-size: 18px; font-weight: bold; line-height: 24px; -webkit-tap-highlight-color: rgba(26, 26, 26, 0.296875); -webkit-composition-fill-color: rgba(130, 98, 83, 0.0976563); -webkit-composition-frame-color: rgba(191, 107, 82, 0.496094); \">Repentinamente &nbsp;le sali\u00f3 al paso Miguel As\u00eds, quien le pregunt\u00f3&nbsp;si era miembro de la banda de \u201cLos Primos\u201d.<\/div>\n<div style=\"font-family: Noteworthy; font-size: 18px; font-weight: bold; line-height: 24px; -webkit-tap-highlight-color: rgba(26, 26, 26, 0.296875); -webkit-composition-fill-color: rgba(130, 98, 83, 0.0976563); -webkit-composition-frame-color: rgba(191, 107, 82, 0.496094); \">Francisco Miguel le respondi\u00f3 que si pertenec\u00eda a esa banda y acto seguido Miguel As\u00eds se le fue encima y con un bate de aluminio que llevaba consigo le dio en la cabeza.<\/div>\n<div style=\"font-family: Noteworthy; font-size: 18px; font-weight: bold; line-height: 24px; -webkit-tap-highlight-color: rgba(26, 26, 26, 0.296875); -webkit-composition-fill-color: rgba(130, 98, 83, 0.0976563); -webkit-composition-frame-color: rgba(191, 107, 82, 0.496094); \">Por el batazo, la v\u00edctima cay\u00f3 &nbsp;y en el suelo su agresor le sigui\u00f3 pegando, &nbsp;hasta que los vecinos, al escuchar el&nbsp;esc\u00e1ndalo, salieron a auxiliar a la v\u00edctima.<\/div>\n<div style=\"font-family: Noteworthy; font-size: 18px; font-weight: bold; line-height: 24px; -webkit-tap-highlight-color: rgba(26, 26, 26, 0.296875); -webkit-composition-fill-color: rgba(130, 98, 83, 0.0976563); -webkit-composition-frame-color: rgba(191, 107, 82, 0.496094); \">Entonces, el \u00abbateador\u00bb huy\u00f3, pero fue detenido cuadras adelante por patrulleros de la SSP que acudieron a prestar auxilio.<\/div>\n<div style=\"font-family: Noteworthy; font-size: 18px; font-weight: bold; line-height: 24px; -webkit-tap-highlight-color: rgba(26, 26, 26, 0.296875); -webkit-composition-fill-color: rgba(130, 98, 83, 0.0976563); -webkit-composition-frame-color: rgba(191, 107, 82, 0.496094); \">Hoy, al rendir &nbsp;declaraci\u00f3n&nbsp;preparatoria, el acusado neg\u00f3 los hechos y dijo que ese d\u00eda fue a casa de su novia y se retir\u00f3 con el bate que su suegra le regal\u00f3 tiempo atr\u00e1s,.<\/div>\n<div style=\"font-family: Noteworthy; font-size: 18px; font-weight: bold; line-height: 24px; -webkit-tap-highlight-color: rgba(26, 26, 26, 0.296875); -webkit-composition-fill-color: rgba(130, 98, 83, 0.0976563); -webkit-composition-frame-color: rgba(191, 107, 82, 0.496094); \">En la calle vio un pleito y no le dio importancia, por lo que sigui\u00f3 su camino y poco despues fue detenido por los motivos ya conocidos.<\/p>\n<div class=\"separator\" style=\"clear: both;\"><a href=\"https:\/\/lh3.googleusercontent.com\/-v9B_wUAVJ5A\/Usc0TyP8V0I\/AAAAAAAAdtQ\/nb9AbFkxWMQ\/s640\/blogger-image--2106481212.jpg\" imageanchor=\"1\" style=\"margin-left: 1em; margin-right: 1em;\"><img decoding=\"async\" border=\"0\" src=\"https:\/\/lh3.googleusercontent.com\/-v9B_wUAVJ5A\/Usc0TyP8V0I\/AAAAAAAAdtQ\/nb9AbFkxWMQ\/s640\/blogger-image--2106481212.jpg\"><\/a><\/div>\n<\/div>\n","protected":false},"excerpt":{"rendered":"<p>Agentes de la SSP detuvieron a &nbsp;Miguel As\u00eds Garrido Cocom (a) \u201cMike\u201d , luego de batear la cabeza de un&nbsp;miembro&nbsp;de la banda de \u201cLos Primos\u201d. Por este motivo, Miguel As\u00eds<\/p>\n","protected":false},"author":1,"featured_media":18157,"comment_status":"open","ping_status":"open","sticky":false,"template":"","format":"standard","meta":{"jetpack_post_was_ever_published":false,"_jetpack_newsletter_access":"","_jetpack_dont_email_post_to_subs":false,"_jetpack_newsletter_tier_id":0,"_jetpack_memberships_contains_paywalled_content":false,"_jetpack_memberships_contains_paid_content":false,"footnotes":"","jetpack_publicize_message":"","jetpack_publicize_feature_enabled":true,"jetpack_social_post_already_shared":false,"jetpack_social_options":{"image_generator_settings":{"template":"highway","default_image_id":0,"font":"","enabled":false},"version":2}},"categories":[10,3,1],"tags":[],"class_list":["post-4024","post","type-post","status-publish","format-standard","has-post-thumbnail","hentry","category-lectura-recomendada","category-portada","category-sin-categoria"],"jetpack_publicize_connections":[],"jetpack_featured_media_url":"https:\/\/formalprision.com\/wp-content\/uploads\/2014\/01\/blogger-image-2106481212.jpg","jetpack_sharing_enabled":true,"jetpack_shortlink":"https:\/\/wp.me\/p6id8p-12U","_links":{"self":[{"href":"https:\/\/formalprision.com\/index.php?rest_route=\/wp\/v2\/posts\/4024","targetHints":{"allow":["GET"]}}],"collection":[{"href":"https:\/\/formalprision.com\/index.php?rest_route=\/wp\/v2\/posts"}],"about":[{"href":"https:\/\/formalprision.com\/index.php?rest_route=\/wp\/v2\/types\/post"}],"author":[{"embeddable":true,"href":"https:\/\/formalprision.com\/index.php?rest_route=\/wp\/v2\/users\/1"}],"replies":[{"embeddable":true,"href":"https:\/\/formalprision.com\/index.php?rest_route=%2Fwp%2Fv2%2Fcomments&post=4024"}],"version-history":[{"count":0,"href":"https:\/\/formalprision.com\/index.php?rest_route=\/wp\/v2\/posts\/4024\/revisions"}],"wp:featuredmedia":[{"embeddable":true,"href":"https:\/\/formalprision.com\/index.php?rest_route=\/wp\/v2\/media\/18157"}],"wp:attachment":[{"href":"https:\/\/formalprision.com\/index.php?rest_route=%2Fwp%2Fv2%2Fmedia&parent=4024"}],"wp:term":[{"taxonomy":"category","embeddable":true,"href":"https:\/\/formalprision.com\/index.php?rest_route=%2Fwp%2Fv2%2Fcategories&post=4024"},{"taxonomy":"post_tag","embeddable":true,"href":"https:\/\/formalprision.com\/index.php?rest_route=%2Fwp%2Fv2%2Ftags&post=4024"}],"curies":[{"name":"wp","href":"https:\/\/api.w.org\/{rel}","templated":true}]}}