{"id":4025,"date":"2014-01-03T21:03:00","date_gmt":"2014-01-03T21:03:00","guid":{"rendered":"http:\/\/formalprision.info\/2014\/01\/03\/inauguran-la-nueva-sede-de-la-facultad\/"},"modified":"2015-06-03T08:41:13","modified_gmt":"2015-06-03T08:41:13","slug":"inauguran-la-nueva-sede-de-la-facultad","status":"publish","type":"post","link":"https:\/\/formalprision.com\/?p=4025","title":{"rendered":"Inauguran la nueva sede de la Facultad de Econom\u00eda"},"content":{"rendered":"<div><\/div>\n<div>\n<div style=\"font-family: Noteworthy; font-size: 18px; font-weight: bold; line-height: 24px; -webkit-tap-highlight-color: rgba(26, 26, 26, 0.296875); -webkit-composition-fill-color: rgba(130, 98, 83, 0.0976563); -webkit-composition-frame-color: rgba(191, 107, 82, 0.496094); \">\n<div>M\u00e9rida, Yucat\u00e1n, 03 de enero de 2014.- Al inaugurar la sede de la Facultad&nbsp;de Econom\u00eda de la Universidad Aut\u00f3noma de Yucat\u00e1n (UADY), el titular del&nbsp;Poder Ejecutivo, Rolando Zapata Bello, afirm\u00f3 que la consolidaci\u00f3n de las&nbsp;nuevas instalaciones de la casa de estudios cuenta con el firme respaldo del&nbsp;Gobierno del Estado, que continuar\u00e1 invirtiendo en la educaci\u00f3n superior y&nbsp;promoviendo el pensamiento social de vanguardia, as\u00ed como una econom\u00eda&nbsp;basada en el conocimiento.<\/div>\n<div>En el marco del 90 aniversario luctuoso del M\u00e1rtir del Proletariado&nbsp;Nacional, Felipe Carrillo Puerto, fundador de lo que hoy es la UADY, Zapata&nbsp;Bello llam\u00f3 a seguir impulsando a la educaci\u00f3n como la fuerza para lograr el&nbsp;ideal de una sociedad equitativa, moderna y productiva para Yucat\u00e1n.<\/div>\n<div>\u201cEl presente y el futuro de Yucat\u00e1n est\u00e1n en la educaci\u00f3n, en un modelo&nbsp;educativo que fomente la equidad social; en un modelo educativo que integre&nbsp;la generaci\u00f3n de conocimientos, ponga en pr\u00e1ctica las ense\u00f1anzas y d\u00e9&nbsp;capacidad de tomar decisiones con sentido\u201d, apunt\u00f3 ante las autoridades y&nbsp;estudiantes presentes.<\/div>\n<div>En su visita al campus de Ciencias Sociales, Econ\u00f3mico-Administrativas y&nbsp;Humanidades de la UADY, para inaugurar el inmueble en el que se invirtieron&nbsp;35 millones de pesos, el Gobernador tambi\u00e9n realiz\u00f3 el banderazo de inicio&nbsp;para la segunda etapa de construcci\u00f3n de la Facultad de Educaci\u00f3n y&nbsp;supervis\u00f3 los avances de edificaci\u00f3n de la Facultad de Derecho.<\/div>\n<div>Respecto al campus, el rector de la m\u00e1xima casa de estudios yucateca,&nbsp;Alfredo D\u00e1jer Abimerhi, explic\u00f3 que este espacio tiene el objetivo de ser un&nbsp;lugar donde los procesos de educaci\u00f3n, acad\u00e9micos y de formaci\u00f3n fluyan de&nbsp;manera horizontal de acuerdo al plan de desarrollo institucional, el modelo&nbsp;educativo y la necesidad de los estudiantes.<\/div>\n<div>La infraestructura del campus, se\u00f1al\u00f3, tambi\u00e9n es una muestra de que los&nbsp;recursos destinados a la UADY se est\u00e1n utilizando de la mejor manera posible&nbsp;para ofrecer a los j\u00f3venes yucatecos una educaci\u00f3n del m\u00e1s alto nivel, por&nbsp;lo que agradeci\u00f3 el apoyo del Gobierno del Estado.<\/div>\n<div>En su oportunidad, el director de la Facultad de Econom\u00eda, Alberto Quintal&nbsp;Palomo, indic\u00f3 que las nuevas instalaciones son parte de la visi\u00f3n&nbsp;institucional de posicionarse como un centro de excelencia, que se proyecte&nbsp;como referencia en la docencia econ\u00f3mica por su quehacer acad\u00e9mico y como&nbsp;l\u00edder en la generaci\u00f3n de conocimiento, por sus talentos cient\u00edficos e&nbsp;investigaciones orientadas al desarrollo del pa\u00eds.<\/div>\n<div>Al explicar los detalles de la obra, el director del Instituto para el&nbsp;Desarrollo y Certificaci\u00f3n de la Infraestructura F\u00edsica Educativa de Yucat\u00e1n&nbsp;(IDEFEY), V\u00edctor Castillo Espinosa, explic\u00f3 que la nueva Facultad cuenta con&nbsp;un edificio administrativo, unidad de posgrado, cub\u00edculos para profesores,&nbsp;centro de c\u00f3mputo y 15 aulas.<\/div>\n<div>Por lo que toca a la segunda etapa de la Facultad de Educaci\u00f3n, consistir\u00e1&nbsp;en la conclusi\u00f3n de un m\u00f3dulo de aulas cerradas y al aire libre,&nbsp;construcci\u00f3n de un edificio administrativo, as\u00ed como de una sala de usos&nbsp;m\u00faltiples y una c\u00e1mara de Gesell, obras que se realizar\u00e1n con una inversi\u00f3n&nbsp;superior a los 50.4 millones de pesos.<\/div>\n<div>Durante la jornada, el Gobernador tambi\u00e9n supervis\u00f3 las obras de la Facultad&nbsp;de Derecho, las cuales registran un 95 por ciento de avance. En el recorrido&nbsp;se inform\u00f3 que, el pr\u00f3ximo 23 de enero, los alumnos ocupar\u00e1n las modernas&nbsp;instalaciones, con amplios espacios para su preparaci\u00f3n profesional.<\/div>\n<div>Previamente, el mandatario y el rector de la Universidad encabezaron una&nbsp;guardia de honor en el monumento a Felipe Carrillo Puerto colocado a un&nbsp;costado de la biblioteca del campus.<\/div>\n<div>A la gira de trabajo asistieron los presidentes de la Junta de Gobierno y&nbsp;Coordinaci\u00f3n Pol\u00edtica del Congreso local, Luis Hevia Jim\u00e9nez; y del Tribunal&nbsp;Superior de Justicia del Estado, Marcos Celis Quintal; as\u00ed como los&nbsp;secretarios General de Gobierno, V\u00edctor Caballero Dur\u00e1n, y de Educaci\u00f3n,&nbsp;Ra\u00fal Godoy Monta\u00f1ez.<\/p>\n<div class=\"separator\" style=\"clear: both;\">\n<div class=\"separator\" style=\"clear: both;\"><a href=\"https:\/\/lh5.googleusercontent.com\/-_0ElFSls7IU\/UsclpiB73mI\/AAAAAAAAdtA\/L9c84x9tnVM\/s640\/blogger-image-785626514.jpg\" imageanchor=\"1\" style=\"margin-left: 1em; margin-right: 1em;\"><img decoding=\"async\" border=\"0\" src=\"https:\/\/lh5.googleusercontent.com\/-_0ElFSls7IU\/UsclpiB73mI\/AAAAAAAAdtA\/L9c84x9tnVM\/s640\/blogger-image-785626514.jpg\"><\/a><\/div>\n<p><\/div>\n<\/div>\n<div><\/div>\n<\/div>\n<\/div>\n","protected":false},"excerpt":{"rendered":"<p>M\u00e9rida, Yucat\u00e1n, 03 de enero de 2014.- Al inaugurar la sede de la Facultad&nbsp;de Econom\u00eda de la Universidad Aut\u00f3noma de Yucat\u00e1n (UADY), el titular del&nbsp;Poder Ejecutivo, Rolando Zapata Bello, afirm\u00f3<\/p>\n","protected":false},"author":1,"featured_media":18159,"comment_status":"open","ping_status":"open","sticky":false,"template":"","format":"standard","meta":{"jetpack_post_was_ever_published":false,"_jetpack_newsletter_access":"","_jetpack_dont_email_post_to_subs":false,"_jetpack_newsletter_tier_id":0,"_jetpack_memberships_contains_paywalled_content":false,"_jetpack_memberships_contains_paid_content":false,"footnotes":"","jetpack_publicize_message":"","jetpack_publicize_feature_enabled":true,"jetpack_social_post_already_shared":false,"jetpack_social_options":{"image_generator_settings":{"template":"highway","default_image_id":0,"font":"","enabled":false},"version":2}},"categories":[17,1],"tags":[],"class_list":["post-4025","post","type-post","status-publish","format-standard","has-post-thumbnail","hentry","category-politica-y-gobierno","category-sin-categoria"],"jetpack_publicize_connections":[],"jetpack_featured_media_url":"https:\/\/formalprision.com\/wp-content\/uploads\/2014\/01\/blogger-image-785626514.jpg","jetpack_sharing_enabled":true,"jetpack_shortlink":"https:\/\/wp.me\/p6id8p-12V","_links":{"self":[{"href":"https:\/\/formalprision.com\/index.php?rest_route=\/wp\/v2\/posts\/4025","targetHints":{"allow":["GET"]}}],"collection":[{"href":"https:\/\/formalprision.com\/index.php?rest_route=\/wp\/v2\/posts"}],"about":[{"href":"https:\/\/formalprision.com\/index.php?rest_route=\/wp\/v2\/types\/post"}],"author":[{"embeddable":true,"href":"https:\/\/formalprision.com\/index.php?rest_route=\/wp\/v2\/users\/1"}],"replies":[{"embeddable":true,"href":"https:\/\/formalprision.com\/index.php?rest_route=%2Fwp%2Fv2%2Fcomments&post=4025"}],"version-history":[{"count":0,"href":"https:\/\/formalprision.com\/index.php?rest_route=\/wp\/v2\/posts\/4025\/revisions"}],"wp:featuredmedia":[{"embeddable":true,"href":"https:\/\/formalprision.com\/index.php?rest_route=\/wp\/v2\/media\/18159"}],"wp:attachment":[{"href":"https:\/\/formalprision.com\/index.php?rest_route=%2Fwp%2Fv2%2Fmedia&parent=4025"}],"wp:term":[{"taxonomy":"category","embeddable":true,"href":"https:\/\/formalprision.com\/index.php?rest_route=%2Fwp%2Fv2%2Fcategories&post=4025"},{"taxonomy":"post_tag","embeddable":true,"href":"https:\/\/formalprision.com\/index.php?rest_route=%2Fwp%2Fv2%2Ftags&post=4025"}],"curies":[{"name":"wp","href":"https:\/\/api.w.org\/{rel}","templated":true}]}}