{"id":4026,"date":"2014-01-03T18:33:00","date_gmt":"2014-01-03T18:33:00","guid":{"rendered":"http:\/\/formalprision.info\/2014\/01\/03\/conmemoran-el-90-aniversario-luctuoso\/"},"modified":"2015-06-03T08:41:13","modified_gmt":"2015-06-03T08:41:13","slug":"conmemoran-el-90-aniversario-luctuoso","status":"publish","type":"post","link":"https:\/\/formalprision.com\/?p=4026","title":{"rendered":"Conmemoran el 90 aniversario luctuoso de Felipe Carrillo Puerto"},"content":{"rendered":"<div><\/div>\n<div>\n<div style=\"font-family: Noteworthy; font-size: 18px; font-weight: bold; line-height: 24px; -webkit-tap-highlight-color: rgba(26, 26, 26, 0.296875); -webkit-composition-fill-color: rgba(130, 98, 83, 0.0976563); -webkit-composition-frame-color: rgba(191, 107, 82, 0.496094); \">M\u00e9rida, Yucat\u00e1n, 03 de enero de 2014.- En Yucat\u00e1n, sociedad y Gobierno&nbsp;estamos construyendo una nueva historia, por lo que 2014 vamos a fortalecer&nbsp;los resultados y consolidar los grandes proyectos que ya est\u00e1n en marcha&nbsp;para continuar haciendo florecer el bienestar de nuestra gente, afirm\u00f3 el&nbsp;secretario de Desarrollo Social del Estado, Nerio Torres Arcila, en el marco&nbsp;del 90 aniversario luctuoso del M\u00e1rtir del Proletariado Nacional, Felipe&nbsp;Carrillo Puerto.<\/div>\n<div style=\"font-family: Noteworthy; font-size: 18px; font-weight: bold; line-height: 24px; -webkit-tap-highlight-color: rgba(26, 26, 26, 0.296875); -webkit-composition-fill-color: rgba(130, 98, 83, 0.0976563); -webkit-composition-frame-color: rgba(191, 107, 82, 0.496094); \">Durante la ceremonia, encabezada por el Gobernador Rolando Zapata Bello, el&nbsp;orador representante de los tres Poderes del Estado se\u00f1al\u00f3 que el mejor&nbsp;homenaje que se le puede hacer al pr\u00f3cer yucateco es prepararnos para&nbsp;construir juntos un mejor futuro, porque reflexionar en su memoria nos exige&nbsp;ver por los a\u00f1os que vienen y entender qu\u00e9 nos toca hacer a nosotros.<\/div>\n<div style=\"font-family: Noteworthy; font-size: 18px; font-weight: bold; line-height: 24px; -webkit-tap-highlight-color: rgba(26, 26, 26, 0.296875); -webkit-composition-fill-color: rgba(130, 98, 83, 0.0976563); -webkit-composition-frame-color: rgba(191, 107, 82, 0.496094); \">\u201cCarrillo Puerto no aceptar\u00eda que la conmemoraci\u00f3n de su muerte fuese un&nbsp;acto nost\u00e1lgico, exigir\u00eda que su muerte sea un acto de renovaci\u00f3n&nbsp;revolucionaria, de cambio, de renovaci\u00f3n y de transformaci\u00f3n de Yucat\u00e1n. Y&nbsp;eso no la hacen \u00fanicamente los ideales, las grandes frases o los encendidos&nbsp;manifiestos.&nbsp;<\/div>\n<div style=\"font-family: Noteworthy; font-size: 18px; font-weight: bold; line-height: 24px; -webkit-tap-highlight-color: rgba(26, 26, 26, 0.296875); -webkit-composition-fill-color: rgba(130, 98, 83, 0.0976563); -webkit-composition-frame-color: rgba(191, 107, 82, 0.496094); \">La renovaci\u00f3n se hace en los hechos, con acciones concretas,&nbsp;pero sobre todo se hace gobernando\u201d, asever\u00f3.<\/div>\n<div style=\"font-family: Noteworthy; font-size: 18px; font-weight: bold; line-height: 24px; -webkit-tap-highlight-color: rgba(26, 26, 26, 0.296875); -webkit-composition-fill-color: rgba(130, 98, 83, 0.0976563); -webkit-composition-frame-color: rgba(191, 107, 82, 0.496094); \">Ante estudiantes, obreros, campesinos, funcionarios estatales y federales,&nbsp;reunidos en el Cementerio General de esta capital, el funcionario estatal&nbsp;indic\u00f3 que mantener vivo al \u201cap\u00f3stol rojo de los mayas\u201d es dar resultados&nbsp;d\u00eda a d\u00eda, en todos los \u00e1mbitos de la sociedad, desde una perspectiva&nbsp;integral y \u00e9sa es la base de la nueva pol\u00edtica social que se aplica en&nbsp;Yucat\u00e1n.<\/div>\n<div style=\"font-family: Noteworthy; font-size: 18px; font-weight: bold; line-height: 24px; -webkit-tap-highlight-color: rgba(26, 26, 26, 0.296875); -webkit-composition-fill-color: rgba(130, 98, 83, 0.0976563); -webkit-composition-frame-color: rgba(191, 107, 82, 0.496094); \">As\u00ed que nadie se equivoque, abund\u00f3, honrar la memoria del hombre de Motul no&nbsp;es glorificar el pasado, sino por el contrario, es prepararnos para&nbsp;construir juntos, un mejor futuro; 2013 fue el a\u00f1o de los cimientos, de&nbsp;preparar el terreno, de demostrar que el acceder al poder no iba a cambiar&nbsp;el compromiso social.<\/div>\n<div style=\"font-family: Noteworthy; font-size: 18px; font-weight: bold; line-height: 24px; -webkit-tap-highlight-color: rgba(26, 26, 26, 0.296875); -webkit-composition-fill-color: rgba(130, 98, 83, 0.0976563); -webkit-composition-frame-color: rgba(191, 107, 82, 0.496094); \">En su mensaje, Torres Arcila reiter\u00f3 que en 2014 se van a fortalecer los&nbsp;resultados y consolidar los grandes proyectos para dar pasos m\u00e1s grandes y&nbsp;r\u00e1pidos que lleven a Yucat\u00e1n a transitar por el camino que Felipe Carrillo&nbsp;Puerto traz\u00f3.<\/div>\n<div style=\"font-family: Noteworthy; font-size: 18px; font-weight: bold; line-height: 24px; -webkit-tap-highlight-color: rgba(26, 26, 26, 0.296875); -webkit-composition-fill-color: rgba(130, 98, 83, 0.0976563); -webkit-composition-frame-color: rgba(191, 107, 82, 0.496094); \">\u201cHay que mirar hacia adelante, porque hacia all\u00e1 vamos. Hay que pensar en el&nbsp;ma\u00f1ana, porque su exhorto de no abandonar a sus indios nos exige trabajar y&nbsp;esforzarnos m\u00e1s. Hay que pensar, no en los 90 a\u00f1os que ya pasaron, sino enlos que nos est\u00e1n esperando\u201d, finaliz\u00f3.<\/div>\n<div style=\"font-family: Noteworthy; font-size: 18px; font-weight: bold; line-height: 24px; -webkit-tap-highlight-color: rgba(26, 26, 26, 0.296875); -webkit-composition-fill-color: rgba(130, 98, 83, 0.0976563); -webkit-composition-frame-color: rgba(191, 107, 82, 0.496094); \">En su turno, los oradores representantes de la Universidad Aut\u00f3noma de&nbsp;Yucat\u00e1n (UADY), Carlos Macedonio Hern\u00e1ndez y del Partido Socialista del&nbsp;Sureste (PSS), Luis Orlando Catz\u00edn Dur\u00e1n, afirmaron que los ideales de&nbsp;Carrillo Puerto permanecen para siempre en la b\u00fasqueda de una sociedad m\u00e1s&nbsp;justa y equitativa.<\/div>\n<div style=\"font-family: Noteworthy; font-size: 18px; font-weight: bold; line-height: 24px; -webkit-tap-highlight-color: rgba(26, 26, 26, 0.296875); -webkit-composition-fill-color: rgba(130, 98, 83, 0.0976563); -webkit-composition-frame-color: rgba(191, 107, 82, 0.496094); \">Tras la ceremonia protocolaria, el mandatario deposit\u00f3, junto con las&nbsp;autoridades civiles y militares, una ofrenda floral y realiz\u00f3 guardia de&nbsp;honor ante la tumba del ex Gobernador de Yucat\u00e1n en la Rotonda de los&nbsp;Socialistas Ilustres, ubicada en el citado pante\u00f3n meridano.<\/div>\n<div style=\"font-family: Noteworthy; font-size: 18px; font-weight: bold; line-height: 24px; -webkit-tap-highlight-color: rgba(26, 26, 26, 0.296875); -webkit-composition-fill-color: rgba(130, 98, 83, 0.0976563); -webkit-composition-frame-color: rgba(191, 107, 82, 0.496094); \">Al acto asistieron los presidentes de la Junta de Gobierno y Coordinaci\u00f3n&nbsp;Pol\u00edtica del Congreso local, Luis Hevia Jim\u00e9nez y del Tribunal Superior de&nbsp;Justicia del Estado, Marcos Celis Quintal; el comandante de la XXXII ZonaMilitar, Luis Manuel V\u00e9lez Fern\u00e1ndez de Lara; y el secretario delAyuntamiento de M\u00e9rida, Alejandro Ruz Castro.(comunicado)<\/p>\n<div class=\"separator\" style=\"clear: both;\"><a href=\"https:\/\/lh3.googleusercontent.com\/-Y2PL5OhuUPs\/UscCdIRrKBI\/AAAAAAAAdsw\/QFOS_pMOT9Y\/s640\/blogger-image--360291719.jpg\" imageanchor=\"1\" style=\"margin-left: 1em; margin-right: 1em;\"><img decoding=\"async\" border=\"0\" src=\"https:\/\/lh3.googleusercontent.com\/-Y2PL5OhuUPs\/UscCdIRrKBI\/AAAAAAAAdsw\/QFOS_pMOT9Y\/s640\/blogger-image--360291719.jpg\"><\/a><\/div>\n<\/div>\n<\/div>\n<div><\/div>\n","protected":false},"excerpt":{"rendered":"<p>M\u00e9rida, Yucat\u00e1n, 03 de enero de 2014.- En Yucat\u00e1n, sociedad y Gobierno&nbsp;estamos construyendo una nueva historia, por lo que 2014 vamos a fortalecer&nbsp;los resultados y consolidar los grandes proyectos que<\/p>\n","protected":false},"author":1,"featured_media":18161,"comment_status":"open","ping_status":"open","sticky":false,"template":"","format":"standard","meta":{"jetpack_post_was_ever_published":false,"_jetpack_newsletter_access":"","_jetpack_dont_email_post_to_subs":false,"_jetpack_newsletter_tier_id":0,"_jetpack_memberships_contains_paywalled_content":false,"_jetpack_memberships_contains_paid_content":false,"footnotes":"","jetpack_publicize_message":"","jetpack_publicize_feature_enabled":true,"jetpack_social_post_already_shared":false,"jetpack_social_options":{"image_generator_settings":{"template":"highway","default_image_id":0,"font":"","enabled":false},"version":2}},"categories":[17,1],"tags":[],"class_list":["post-4026","post","type-post","status-publish","format-standard","has-post-thumbnail","hentry","category-politica-y-gobierno","category-sin-categoria"],"jetpack_publicize_connections":[],"jetpack_featured_media_url":"https:\/\/formalprision.com\/wp-content\/uploads\/2014\/01\/blogger-image-360291719.jpg","jetpack_sharing_enabled":true,"jetpack_shortlink":"https:\/\/wp.me\/p6id8p-12W","_links":{"self":[{"href":"https:\/\/formalprision.com\/index.php?rest_route=\/wp\/v2\/posts\/4026","targetHints":{"allow":["GET"]}}],"collection":[{"href":"https:\/\/formalprision.com\/index.php?rest_route=\/wp\/v2\/posts"}],"about":[{"href":"https:\/\/formalprision.com\/index.php?rest_route=\/wp\/v2\/types\/post"}],"author":[{"embeddable":true,"href":"https:\/\/formalprision.com\/index.php?rest_route=\/wp\/v2\/users\/1"}],"replies":[{"embeddable":true,"href":"https:\/\/formalprision.com\/index.php?rest_route=%2Fwp%2Fv2%2Fcomments&post=4026"}],"version-history":[{"count":0,"href":"https:\/\/formalprision.com\/index.php?rest_route=\/wp\/v2\/posts\/4026\/revisions"}],"wp:featuredmedia":[{"embeddable":true,"href":"https:\/\/formalprision.com\/index.php?rest_route=\/wp\/v2\/media\/18161"}],"wp:attachment":[{"href":"https:\/\/formalprision.com\/index.php?rest_route=%2Fwp%2Fv2%2Fmedia&parent=4026"}],"wp:term":[{"taxonomy":"category","embeddable":true,"href":"https:\/\/formalprision.com\/index.php?rest_route=%2Fwp%2Fv2%2Fcategories&post=4026"},{"taxonomy":"post_tag","embeddable":true,"href":"https:\/\/formalprision.com\/index.php?rest_route=%2Fwp%2Fv2%2Ftags&post=4026"}],"curies":[{"name":"wp","href":"https:\/\/api.w.org\/{rel}","templated":true}]}}