{"id":4028,"date":"2014-01-03T01:39:00","date_gmt":"2014-01-03T01:39:00","guid":{"rendered":"http:\/\/formalprision.info\/2014\/01\/03\/inauguran-la-expo-feria-tizimin-2014\/"},"modified":"2015-06-03T08:41:13","modified_gmt":"2015-06-03T08:41:13","slug":"inauguran-la-expo-feria-tizimin-2014","status":"publish","type":"post","link":"https:\/\/formalprision.com\/?p=4028","title":{"rendered":"Inauguran la Expo Feria Tizim\u00edn 2014"},"content":{"rendered":"<div style=\"font-family: Noteworthy; font-size: 18px; font-weight: bold; line-height: 24px; -webkit-tap-highlight-color: rgba(26, 26, 26, 0.296875); -webkit-composition-fill-color: rgba(130, 98, 83, 0.0976563); -webkit-composition-frame-color: rgba(191, 107, 82, 0.496094); \">Tizim\u00edn, Yucat\u00e1n, 02 de enero de 2014.- Considerada como una de las fiestas&nbsp;de mayor tradici\u00f3n en Yucat\u00e1n, la Expo Feria Tizim\u00edn 2014 abri\u00f3 este d\u00eda sus&nbsp;puertas para recibir a m\u00e1s de un mill\u00f3n 200 mil visitantes, en el m\u00e1ximo&nbsp;escaparte comercial, industrial, agropecuario y artesanal del Oriente del&nbsp;estado.<\/div>\n<div style=\"font-family: Noteworthy; font-size: 18px; font-weight: bold; line-height: 24px; -webkit-tap-highlight-color: rgba(26, 26, 26, 0.296875); -webkit-composition-fill-color: rgba(130, 98, 83, 0.0976563); -webkit-composition-frame-color: rgba(191, 107, 82, 0.496094); \">De visita en este municipio, el Gobernador Rolando Zapata Bello inaugur\u00f3 la&nbsp;muestra en el recinto ferial, la cual se realizar\u00e1 hasta el 19 de enero y&nbsp;cuenta con exposici\u00f3n de ganado equino, ovino, bovino y caprino, as\u00ed como&nbsp;con m\u00e1s de 750 m\u00f3dulos de comida.<\/div>\n<div style=\"font-family: Noteworthy; font-size: 18px; font-weight: bold; line-height: 24px; -webkit-tap-highlight-color: rgba(26, 26, 26, 0.296875); -webkit-composition-fill-color: rgba(130, 98, 83, 0.0976563); -webkit-composition-frame-color: rgba(191, 107, 82, 0.496094); \">Asimismo, entreg\u00f3 y supervis\u00f3 obras de infraestructura urbana, en las que se&nbsp;invierten recursos por 21.6 millones de pesos en beneficio de los miles de&nbsp;habitantes y turistas que recorren la zona. &nbsp;<\/div>\n<div style=\"font-family: Noteworthy; font-size: 18px; font-weight: bold; line-height: 24px; -webkit-tap-highlight-color: rgba(26, 26, 26, 0.296875); -webkit-composition-fill-color: rgba(130, 98, 83, 0.0976563); -webkit-composition-frame-color: rgba(191, 107, 82, 0.496094); \">En ese marco, se anunci\u00f3 que en breve el Centro de Salud de esta ciudad&nbsp;comenzar\u00e1 a operar en el esquema de 24 horas los 365 d\u00edas del a\u00f1o, con el&nbsp;objetivo de disminuir el n\u00famero de pacientes que acuden a diario al Hospital&nbsp;\u201cSan Carlos\u201d de Tizim\u00edn.<\/div>\n<div style=\"font-family: Noteworthy; font-size: 18px; font-weight: bold; line-height: 24px; -webkit-tap-highlight-color: rgba(26, 26, 26, 0.296875); -webkit-composition-fill-color: rgba(130, 98, 83, 0.0976563); -webkit-composition-frame-color: rgba(191, 107, 82, 0.496094); \">Al dirigir un mensaje en presencia de pobladores, productores, funcionarios&nbsp;estatales y federales, el titular del Poder Ejecutivo indic\u00f3 que en 2014&nbsp;continuar\u00e1 el cumplimiento de compromisos en materia de apoyo al campo y a&nbsp;los productores agropecuarios, entre ellos los ganaderos, pues este sector&nbsp;representa una de las grandes apuestas para impulsar el desarrollo econ\u00f3mico&nbsp;de toda la entidad.<\/p>\n<div class=\"separator\" style=\"clear: both;\"><a href=\"https:\/\/lh4.googleusercontent.com\/-Jt1esw4WeXA\/UsYU0hzrpoI\/AAAAAAAAdsQ\/-SB2JKDqdZI\/s640\/blogger-image--1774354041.jpg\" imageanchor=\"1\" style=\"margin-left: 1em; margin-right: 1em;\"><img decoding=\"async\" border=\"0\" src=\"https:\/\/lh4.googleusercontent.com\/-Jt1esw4WeXA\/UsYU0hzrpoI\/AAAAAAAAdsQ\/-SB2JKDqdZI\/s640\/blogger-image--1774354041.jpg\"><\/a><\/div>\n<\/div>\n<div style=\"font-family: Noteworthy; font-size: 18px; font-weight: bold; line-height: 24px; -webkit-tap-highlight-color: rgba(26, 26, 26, 0.296875); -webkit-composition-fill-color: rgba(130, 98, 83, 0.0976563); -webkit-composition-frame-color: rgba(191, 107, 82, 0.496094); \">El mandatario puntualiz\u00f3 que en este municipio, as\u00ed como en otros tantos de&nbsp;la geograf\u00eda estatal, las actividades agropecuarias y la gran vocaci\u00f3n&nbsp;ganadera de sus habitantes constituyen sendos elementos que, con el apoyo y&nbsp;trabajo conjunto de autoridades y ciudadanos, se proyectan ya como&nbsp;potencialidades del desarrollo estatal.<\/div>\n<div style=\"font-family: Noteworthy; font-size: 18px; font-weight: bold; line-height: 24px; -webkit-tap-highlight-color: rgba(26, 26, 26, 0.296875); -webkit-composition-fill-color: rgba(130, 98, 83, 0.0976563); -webkit-composition-frame-color: rgba(191, 107, 82, 0.496094); \">\u201cLa gran Feria de Tizim\u00edn es un evento en donde se respira el orgullo y las&nbsp;grandes tradiciones que envuelven a la misma, y eso se hereda generaci\u00f3n&nbsp;tras generaci\u00f3n; pero tambi\u00e9n es un evento donde se percibe una gran visi\u00f3n&nbsp;de futuro, pues aqu\u00ed se proyecta el gran empuje que se vive en este&nbsp;municipio\u201d, asever\u00f3.<\/div>\n<div style=\"font-family: Noteworthy; font-size: 18px; font-weight: bold; line-height: 24px; -webkit-tap-highlight-color: rgba(26, 26, 26, 0.296875); -webkit-composition-fill-color: rgba(130, 98, 83, 0.0976563); -webkit-composition-frame-color: rgba(191, 107, 82, 0.496094); \">Durante una intensa gira de trabajo por este municipio, el Gobernador,&nbsp;acompa\u00f1ado por el secretario de Desarrollo Rural, Felipe Cervera Hern\u00e1ndez,&nbsp;se\u00f1al\u00f3 que en 2013, Tizim\u00edn fue el municipio donde m\u00e1s se logr\u00f3 invertir a&nbsp;trav\u00e9s del programa Peso a Peso, que apoya a los productores para la compra&nbsp;de materiales, insumos y herramientas. Adem\u00e1s, dijo, de las ocho mil 300&nbsp;hect\u00e1reas tecnificadas el a\u00f1o pasado, mil 400 se trabajaron en esta&nbsp;geograf\u00eda.<\/div>\n<div style=\"font-family: Noteworthy; font-size: 18px; font-weight: bold; line-height: 24px; -webkit-tap-highlight-color: rgba(26, 26, 26, 0.296875); -webkit-composition-fill-color: rgba(130, 98, 83, 0.0976563); -webkit-composition-frame-color: rgba(191, 107, 82, 0.496094); \">Al respecto, la alcaldesa local, Mar\u00eda del Rosario D\u00edaz G\u00f3ngora, agradeci\u00f3&nbsp;el gran apoyo que el Gobierno estatal ha dado al sector agropecuario durante&nbsp;2013, con lo cual se demostr\u00f3 con hechos, que el compromiso de dar un&nbsp;impulso decidido al campo yucateco es constante y de car\u00e1cter permanente.<\/div>\n<div style=\"font-family: Noteworthy; font-size: 18px; font-weight: bold; line-height: 24px; -webkit-tap-highlight-color: rgba(26, 26, 26, 0.296875); -webkit-composition-fill-color: rgba(130, 98, 83, 0.0976563); -webkit-composition-frame-color: rgba(191, 107, 82, 0.496094); \">Posteriormente, el Gobernador se traslad\u00f3 a la colonia Santa Rita para&nbsp;realizar la entrega de los trabajos de construcci\u00f3n de la avenida Miguel&nbsp;Hidalgo y Costilla, antes Calle 45, la cual represent\u00f3 una inversi\u00f3n&nbsp;superior a los 11.4 millones de pesos en beneficio de los vecinos de toda la&nbsp;zona, entre ellos, m\u00e1s de mil alumnos y 80 docentes e investigadores del&nbsp;Instituto Tecnol\u00f3gico de Tizim\u00edn.<\/div>\n<div style=\"font-family: Noteworthy; font-size: 18px; font-weight: bold; line-height: 24px; -webkit-tap-highlight-color: rgba(26, 26, 26, 0.296875); -webkit-composition-fill-color: rgba(130, 98, 83, 0.0976563); -webkit-composition-frame-color: rgba(191, 107, 82, 0.496094); \">Finalmente, realiz\u00f3 un recorrido por la avenida \u201cU bel il lakin\u201d, en la&nbsp;entrada principal de la ciudad, que se encuentra en reconstrucci\u00f3n, con un&nbsp;avance del 95 por ciento; la extensi\u00f3n de la obra es de m\u00e1s de 2.5&nbsp;kil\u00f3metros y representar\u00e1n una inversi\u00f3n superior a los 10.2 millones de&nbsp;pesos.(comunicado)<\/div>\n<div style=\"font-family: Noteworthy; font-size: 18px; font-weight: bold; line-height: 24px; -webkit-tap-highlight-color: rgba(26, 26, 26, 0.296875); -webkit-composition-fill-color: rgba(130, 98, 83, 0.0976563); -webkit-composition-frame-color: rgba(191, 107, 82, 0.496094); \"><\/div>\n","protected":false},"excerpt":{"rendered":"<p>Tizim\u00edn, Yucat\u00e1n, 02 de enero de 2014.- Considerada como una de las fiestas&nbsp;de mayor tradici\u00f3n en Yucat\u00e1n, la Expo Feria Tizim\u00edn 2014 abri\u00f3 este d\u00eda sus&nbsp;puertas para recibir a m\u00e1s<\/p>\n","protected":false},"author":1,"featured_media":18165,"comment_status":"open","ping_status":"open","sticky":false,"template":"","format":"standard","meta":{"jetpack_post_was_ever_published":false,"_jetpack_newsletter_access":"","_jetpack_dont_email_post_to_subs":false,"_jetpack_newsletter_tier_id":0,"_jetpack_memberships_contains_paywalled_content":false,"_jetpack_memberships_contains_paid_content":false,"footnotes":"","jetpack_publicize_message":"","jetpack_publicize_feature_enabled":true,"jetpack_social_post_already_shared":false,"jetpack_social_options":{"image_generator_settings":{"template":"highway","default_image_id":0,"font":"","enabled":false},"version":2}},"categories":[17,1],"tags":[],"class_list":["post-4028","post","type-post","status-publish","format-standard","has-post-thumbnail","hentry","category-politica-y-gobierno","category-sin-categoria"],"jetpack_publicize_connections":[],"jetpack_featured_media_url":"https:\/\/formalprision.com\/wp-content\/uploads\/2014\/01\/blogger-image-1774354041.jpg","jetpack_sharing_enabled":true,"jetpack_shortlink":"https:\/\/wp.me\/p6id8p-12Y","_links":{"self":[{"href":"https:\/\/formalprision.com\/index.php?rest_route=\/wp\/v2\/posts\/4028","targetHints":{"allow":["GET"]}}],"collection":[{"href":"https:\/\/formalprision.com\/index.php?rest_route=\/wp\/v2\/posts"}],"about":[{"href":"https:\/\/formalprision.com\/index.php?rest_route=\/wp\/v2\/types\/post"}],"author":[{"embeddable":true,"href":"https:\/\/formalprision.com\/index.php?rest_route=\/wp\/v2\/users\/1"}],"replies":[{"embeddable":true,"href":"https:\/\/formalprision.com\/index.php?rest_route=%2Fwp%2Fv2%2Fcomments&post=4028"}],"version-history":[{"count":0,"href":"https:\/\/formalprision.com\/index.php?rest_route=\/wp\/v2\/posts\/4028\/revisions"}],"wp:featuredmedia":[{"embeddable":true,"href":"https:\/\/formalprision.com\/index.php?rest_route=\/wp\/v2\/media\/18165"}],"wp:attachment":[{"href":"https:\/\/formalprision.com\/index.php?rest_route=%2Fwp%2Fv2%2Fmedia&parent=4028"}],"wp:term":[{"taxonomy":"category","embeddable":true,"href":"https:\/\/formalprision.com\/index.php?rest_route=%2Fwp%2Fv2%2Fcategories&post=4028"},{"taxonomy":"post_tag","embeddable":true,"href":"https:\/\/formalprision.com\/index.php?rest_route=%2Fwp%2Fv2%2Ftags&post=4028"}],"curies":[{"name":"wp","href":"https:\/\/api.w.org\/{rel}","templated":true}]}}