{"id":4076,"date":"2013-12-26T20:52:00","date_gmt":"2013-12-26T20:52:00","guid":{"rendered":"http:\/\/formalprision.info\/2013\/12\/26\/jovenes-yucatecos-demuestran-su-talento\/"},"modified":"2015-06-03T08:41:23","modified_gmt":"2015-06-03T08:41:23","slug":"jovenes-yucatecos-demuestran-su-talento","status":"publish","type":"post","link":"https:\/\/formalprision.com\/?p=4076","title":{"rendered":"J\u00f3venes yucatecos demuestran su talento en las artes"},"content":{"rendered":"<div style=\"font-family: Noteworthy; font-size: 18px; font-weight: bold; line-height: 24px; -webkit-tap-highlight-color: rgba(26, 26, 26, 0.296875); -webkit-composition-fill-color: rgba(130, 98, 83, 0.0976563); -webkit-composition-frame-color: rgba(191, 107, 82, 0.496094); \">Los j\u00f3venes hicieron notar su talento este 2013, en actividades relevantes&nbsp;como el Concurso Estatal de Canto Popular y Trova Yucateca \u201cNuevas Voces&nbsp;del Mayab\u201d, el Foro Multidisciplinario para Nuevos Valores \u201cK\u2019aay T\u2019aan\u201d,&nbsp;\u201cArte Sobre Ruedas\u201d y los \u201cEncuentros Multiculturales de Arte Urbano\u201d.<\/div>\n<div style=\"font-family: Noteworthy; font-size: 18px; font-weight: bold; line-height: 24px; -webkit-tap-highlight-color: rgba(26, 26, 26, 0.296875); -webkit-composition-fill-color: rgba(130, 98, 83, 0.0976563); -webkit-composition-frame-color: rgba(191, 107, 82, 0.496094); \">El Gobierno del Estado, a trav\u00e9s de la Secretar\u00eda de la Cultura y las Artes&nbsp;(SEDECULTA), con la misi\u00f3n de fortalecer e impulsar a las y los j\u00f3venes&nbsp;creadores, brinda espacios propicios para su crecimiento y desarrollo.<\/div>\n<div style=\"font-family: Noteworthy; font-size: 18px; font-weight: bold; line-height: 24px; -webkit-tap-highlight-color: rgba(26, 26, 26, 0.296875); -webkit-composition-fill-color: rgba(130, 98, 83, 0.0976563); -webkit-composition-frame-color: rgba(191, 107, 82, 0.496094); \">Este a\u00f1o se realiz\u00f3 la quinta edici\u00f3n del Concurso \u201cNuevas Voces del&nbsp;Mayab\u201d, con la finalidad de fomentar el gusto por interpretar la m\u00fasica&nbsp;yucateca entre la poblaci\u00f3n juvenil. Participaron 193 cantantes de Yucat\u00e1n,&nbsp;cuya etapa final se llev\u00f3 a cabo el pasado 7 de diciembre, en el Teatro<\/div>\n<div style=\"font-family: Noteworthy; font-size: 18px; font-weight: bold; line-height: 24px; -webkit-tap-highlight-color: rgba(26, 26, 26, 0.296875); -webkit-composition-fill-color: rgba(130, 98, 83, 0.0976563); -webkit-composition-frame-color: rgba(191, 107, 82, 0.496094); \">\u201cPe\u00f3n Contreras\u201d y tuvo como ganadora a Stephanie Sol\u00eds Sansores, de M\u00e9rida.<\/div>\n<div style=\"font-family: Noteworthy; font-size: 18px; font-weight: bold; line-height: 24px; -webkit-tap-highlight-color: rgba(26, 26, 26, 0.296875); -webkit-composition-fill-color: rgba(130, 98, 83, 0.0976563); -webkit-composition-frame-color: rgba(191, 107, 82, 0.496094); \">Ese Concurso abarc\u00f3 las siete regiones que conforman el Estado, a trav\u00e9s de&nbsp;15 eventos art\u00edsticos en m\u00faltiples sedes regionales. En cada presentaci\u00f3n&nbsp;se expuso un espect\u00e1culo de calidad con los talentos m\u00e1s destacados de&nbsp;interpretaci\u00f3n de las ediciones anteriores de \u201cNuevas Voces del Mayab\u201d.<\/div>\n<div style=\"font-family: Noteworthy; font-size: 18px; font-weight: bold; line-height: 24px; -webkit-tap-highlight-color: rgba(26, 26, 26, 0.296875); -webkit-composition-fill-color: rgba(130, 98, 83, 0.0976563); -webkit-composition-frame-color: rgba(191, 107, 82, 0.496094); \">La promoci\u00f3n art\u00edstica de los nuevos talentos provenientes de instituciones&nbsp;educativas, coros, grupos de teatro independiente, elencos municipales,&nbsp;entre otros, tuvieron un espacio id\u00f3neo en el Foro Multidisciplinario para&nbsp;Nuevos Valores \u201cK\u2019aay T\u2019aan\u201d que llev\u00f3 a cabo 17 presentaciones. Ah\u00ed, los&nbsp;j\u00f3venes tuvieron la oportunidad de mostrar sus avances en materia art\u00edstica&nbsp;y expresi\u00f3n cultural.<\/div>\n<div style=\"font-family: Noteworthy; font-size: 18px; font-weight: bold; line-height: 24px; -webkit-tap-highlight-color: rgba(26, 26, 26, 0.296875); -webkit-composition-fill-color: rgba(130, 98, 83, 0.0976563); -webkit-composition-frame-color: rgba(191, 107, 82, 0.496094); \">Bajo el nombre de \u201cArte Sobre Ruedas\u201d, se realizaron 16 caravanas&nbsp;art\u00edsticas dirigidas principalmente a municipios del interior del Estado y&nbsp;colonias populares de M\u00e9rida, en las que se presentan altos \u00edndices de&nbsp;marginalidad social. Con estos eventos se llev\u00f3 la oferta cultural de la&nbsp;SEDECULTA a los rincones m\u00e1s apartados.<\/div>\n<div style=\"font-family: Noteworthy; font-size: 18px; font-weight: bold; line-height: 24px; -webkit-tap-highlight-color: rgba(26, 26, 26, 0.296875); -webkit-composition-fill-color: rgba(130, 98, 83, 0.0976563); -webkit-composition-frame-color: rgba(191, 107, 82, 0.496094); \">Asimismo, en el marco de los denominados \u201cEncuentros Multiculturales de&nbsp;Arte Urbano\u201d participaron los principales colectivos art\u00edsticos del estado,&nbsp;quienes presentaron muestras de rock, break dance, clown, graffiti,&nbsp;literatura creada por j\u00f3venes, mesas de reflexi\u00f3n, conferencias, entre&nbsp;otros. Se efectuaron dos encuentros con 35 j\u00f3venes artistas.<\/div>\n<div style=\"font-family: Noteworthy; font-size: 18px; font-weight: bold; line-height: 24px; -webkit-tap-highlight-color: rgba(26, 26, 26, 0.296875); -webkit-composition-fill-color: rgba(130, 98, 83, 0.0976563); -webkit-composition-frame-color: rgba(191, 107, 82, 0.496094); \">Finalmente, se implementaron dos talleres de canto y se editaron seis&nbsp;c\u00e1psulas informativas en las que se promocion\u00f3 la producci\u00f3n art\u00edstica de&nbsp;los j\u00f3venes talentos de Yucat\u00e1n. (Comunicado)<\/p>\n<div class=\"separator\" style=\"clear: both;\"><a href=\"https:\/\/lh3.googleusercontent.com\/-lwnTzyfXCxs\/UryW8Hdq7GI\/AAAAAAAAdgI\/Vcn9jyYjNGY\/s640\/blogger-image--445626158.jpg\" imageanchor=\"1\" style=\"margin-left: 1em; margin-right: 1em;\"><img decoding=\"async\" border=\"0\" src=\"https:\/\/lh3.googleusercontent.com\/-lwnTzyfXCxs\/UryW8Hdq7GI\/AAAAAAAAdgI\/Vcn9jyYjNGY\/s640\/blogger-image--445626158.jpg\"><\/a><\/div>\n<\/div>\n<div><\/div>\n","protected":false},"excerpt":{"rendered":"<p>Los j\u00f3venes hicieron notar su talento este 2013, en actividades relevantes&nbsp;como el Concurso Estatal de Canto Popular y Trova Yucateca \u201cNuevas Voces&nbsp;del Mayab\u201d, el Foro Multidisciplinario para Nuevos Valores \u201cK\u2019aay<\/p>\n","protected":false},"author":1,"featured_media":18261,"comment_status":"open","ping_status":"open","sticky":false,"template":"","format":"standard","meta":{"jetpack_post_was_ever_published":false,"_jetpack_newsletter_access":"","_jetpack_dont_email_post_to_subs":false,"_jetpack_newsletter_tier_id":0,"_jetpack_memberships_contains_paywalled_content":false,"_jetpack_memberships_contains_paid_content":false,"footnotes":"","jetpack_publicize_message":"","jetpack_publicize_feature_enabled":true,"jetpack_social_post_already_shared":false,"jetpack_social_options":{"image_generator_settings":{"template":"highway","default_image_id":0,"font":"","enabled":false},"version":2}},"categories":[32,1,49],"tags":[],"class_list":["post-4076","post","type-post","status-publish","format-standard","has-post-thumbnail","hentry","category-espectaculos","category-sin-categoria","category-tocho-morocho"],"jetpack_publicize_connections":[],"jetpack_featured_media_url":"https:\/\/formalprision.com\/wp-content\/uploads\/2013\/12\/blogger-image-445626158.jpg","jetpack_sharing_enabled":true,"jetpack_shortlink":"https:\/\/wp.me\/p6id8p-13K","_links":{"self":[{"href":"https:\/\/formalprision.com\/index.php?rest_route=\/wp\/v2\/posts\/4076","targetHints":{"allow":["GET"]}}],"collection":[{"href":"https:\/\/formalprision.com\/index.php?rest_route=\/wp\/v2\/posts"}],"about":[{"href":"https:\/\/formalprision.com\/index.php?rest_route=\/wp\/v2\/types\/post"}],"author":[{"embeddable":true,"href":"https:\/\/formalprision.com\/index.php?rest_route=\/wp\/v2\/users\/1"}],"replies":[{"embeddable":true,"href":"https:\/\/formalprision.com\/index.php?rest_route=%2Fwp%2Fv2%2Fcomments&post=4076"}],"version-history":[{"count":0,"href":"https:\/\/formalprision.com\/index.php?rest_route=\/wp\/v2\/posts\/4076\/revisions"}],"wp:featuredmedia":[{"embeddable":true,"href":"https:\/\/formalprision.com\/index.php?rest_route=\/wp\/v2\/media\/18261"}],"wp:attachment":[{"href":"https:\/\/formalprision.com\/index.php?rest_route=%2Fwp%2Fv2%2Fmedia&parent=4076"}],"wp:term":[{"taxonomy":"category","embeddable":true,"href":"https:\/\/formalprision.com\/index.php?rest_route=%2Fwp%2Fv2%2Fcategories&post=4076"},{"taxonomy":"post_tag","embeddable":true,"href":"https:\/\/formalprision.com\/index.php?rest_route=%2Fwp%2Fv2%2Ftags&post=4076"}],"curies":[{"name":"wp","href":"https:\/\/api.w.org\/{rel}","templated":true}]}}