{"id":4079,"date":"2013-12-26T02:21:00","date_gmt":"2013-12-26T02:21:00","guid":{"rendered":"http:\/\/formalprision.info\/2013\/12\/26\/ex-funcionario-del-ayuntamiento-de\/"},"modified":"2015-06-03T08:41:24","modified_gmt":"2015-06-03T08:41:24","slug":"ex-funcionario-del-ayuntamiento-de","status":"publish","type":"post","link":"https:\/\/formalprision.com\/?p=4079","title":{"rendered":"Ex funcionario municipal afirma que no estuvo en un after"},"content":{"rendered":"<div style=\"font-family: Noteworthy; font-size: 18px; font-weight: bold; line-height: 24px; -webkit-tap-highlight-color: rgba(26, 26, 26, 0.296875); -webkit-composition-fill-color: rgba(130, 98, 83, 0.0976563); -webkit-composition-frame-color: rgba(191, 107, 82, 0.496094); \">\n<div>Rodrigo Osorio C\u00e1ceres, &nbsp;detenido en un \u00abafter\u00bb de Chuburn\u00e1, asegura &nbsp;que no estuvo en la fiesta.<\/div>\n<div>El&nbsp;ex funcionario del Ayuntamiento de M\u00e9rida&nbsp;se\u00f1ala que acudi\u00f3 a auxiliar a una conocida suya y fue detenido en ese lugar.<\/div>\n<div>En un escrito que envi\u00f3 hoy a los medios de comunicaci\u00f3n, Osorio C\u00e1ceres informa que no fue despedido del Ayuntamiento de M\u00e9rida (como afirm\u00f3 el alcalde Ren\u00e1n Barrera), sino que renunci\u00f3 por voluntad propia.<\/div>\n<div>Tambi\u00e9n se\u00f1ala que (tras recuperar su libertad) se realiz\u00f3 un examen antid\u00f3ping, mismo que result\u00f3 negativo a psicotr\u00f3picos, mariguana y coca\u00edna, aunque la SSP, cuando dio a conocer la detenci\u00f3n, nunca precis\u00f3 si estaba bajo los efectos de los enervantes o el alcohol.<\/div>\n<div>A continuaci\u00f3n, el escrito \u00edntegro del ahora ex funcionario municipal.<\/div>\n<div><\/div>\n<div>A la opini\u00f3n p\u00fablica,<\/div>\n<\/div>\n<div style=\"font-family: Noteworthy; font-size: 18px; font-weight: bold; line-height: 24px; -webkit-tap-highlight-color: rgba(26, 26, 26, 0.296875); -webkit-composition-fill-color: rgba(130, 98, 83, 0.0976563); -webkit-composition-frame-color: rgba(191, 107, 82, 0.496094); \"><\/div>\n<div style=\"font-family: Noteworthy; font-size: 18px; font-weight: bold; line-height: 24px; -webkit-tap-highlight-color: rgba(26, 26, 26, 0.296875); -webkit-composition-fill-color: rgba(130, 98, 83, 0.0976563); -webkit-composition-frame-color: rgba(191, 107, 82, 0.496094); \">\n<div>En relaci\u00f3n con los hechos suscitados el pasado quince de diciembre de los&nbsp;corrientes, en donde la Secretar\u00eda de Seguridad P\u00fablica detuvo a sesenta y&nbsp;cuatro personas en un evento denominado rave en un local ubicado en&nbsp;Chuburn\u00e1, los cuales dieron lugar a una serie de malintencionadas y<\/div>\n<div>parciales publicaciones proferidas a mi persona por diversos medios de<\/div>\n<div>comunicaci\u00f3n, quiero hacer de su conocimiento lo siguiente:<\/div>\n<div>El d\u00eda propio quince de diciembre pasado, estando en mis horarios libres, y&nbsp;en uso y goce de mis derechos personales, comet\u00ed el error de estar presente&nbsp;en el lugar y momento equivocado, al acudir a un evento, a fin de recoger a&nbsp;una amistad que me solicito ayuda toda vez que me manifest\u00f3 que estaba&nbsp;siendo acosada por elementos de la Secretar\u00eda de Seguridad P\u00fablica, sin&nbsp;embargo, no participe, ni consum\u00ed ning\u00fan tipo de sustancia il\u00edcita en dicho&nbsp;evento, del cual desconoc\u00eda su origen y organizaci\u00f3n; a pesar de ello, fui&nbsp;arbitrariamente detenido e incomunicado sin motivo alguno, por lo que tuve&nbsp;que verme en la necesidad de promover un amparo ante la justicia federal&nbsp;(1791\/2013 del Juzgado Primero de Distrito), al ser violentados mis&nbsp;derechos humanos consagrados en nuestra Carta Magna.<\/div>\n<div>El d\u00eda martes diecisiete de diciembre, tome la decisi\u00f3n de renunciar a mi&nbsp;cargo en el Ayuntamiento de M\u00e9rida, con la \u00fanica finalidad de que dicho&nbsp;acontecimiento, no sea raz\u00f3n para perjudicar a la imagen del Ayuntamiento&nbsp;de M\u00e9rida, e incluso me realice unos an\u00e1lisis toxicol\u00f3gicos que resultaron&nbsp;negativos, mismos que adjunto al presente, al igual que la carta de&nbsp;renuncia por los hechos se\u00f1alados.<\/div>\n<div>La gente que me conoce, sabe muy bien que siempre me he conducido con&nbsp;profesionalismo y respeto en la labor que estuve desempe\u00f1ando en el&nbsp;Municipio, y estoy de verdad agradecido por el respaldo y apoyo que he&nbsp;recibido de gente que incluso no me esperaba.<\/div>\n<div>Sirva la presente, para solicitarle respetuosamente a su medio de&nbsp;comunicaci\u00f3n publicar esta aclaraci\u00f3n por los da\u00f1os sufridos a mi imagen&nbsp;ante la sociedad, basados en hechos no corroborados.<\/div>\n<div>Quedo a sus apreciables \u00f3rdenes, agradeciendo de antemano su apoyo y&nbsp;colaboraci\u00f3n.<\/p>\n<div class=\"separator\" style=\"clear: both;\"><a href=\"https:\/\/lh6.googleusercontent.com\/-bhnXBcZj13k\/UruSmlNU7hI\/AAAAAAAAdfc\/nPkwfbHmZI4\/s640\/blogger-image-718886276.jpg\" imageanchor=\"1\" style=\"margin-left: 1em; margin-right: 1em;\"><img decoding=\"async\" border=\"0\" src=\"https:\/\/lh6.googleusercontent.com\/-bhnXBcZj13k\/UruSmlNU7hI\/AAAAAAAAdfc\/nPkwfbHmZI4\/s640\/blogger-image-718886276.jpg\"><\/a><\/div>\n<div class=\"separator\" style=\"clear: both;\"><a href=\"https:\/\/lh6.googleusercontent.com\/-y-F94fqAmq0\/UruSjQbhZVI\/AAAAAAAAdfU\/Hm4WMjkyAEw\/s640\/blogger-image-1126097710.jpg\" imageanchor=\"1\" style=\"margin-left: 1em; margin-right: 1em;\"><img decoding=\"async\" border=\"0\" src=\"https:\/\/lh6.googleusercontent.com\/-y-F94fqAmq0\/UruSjQbhZVI\/AAAAAAAAdfU\/Hm4WMjkyAEw\/s640\/blogger-image-1126097710.jpg\"><\/a><\/div>\n<\/div>\n<\/div>\n<div style=\"font-family: Noteworthy; font-size: 18px; font-weight: bold; line-height: 24px; -webkit-tap-highlight-color: rgba(26, 26, 26, 0.296875); -webkit-composition-fill-color: rgba(130, 98, 83, 0.0976563); -webkit-composition-frame-color: rgba(191, 107, 82, 0.496094); \"><\/div>\n","protected":false},"excerpt":{"rendered":"<p>Rodrigo Osorio C\u00e1ceres, &nbsp;detenido en un \u00abafter\u00bb de Chuburn\u00e1, asegura &nbsp;que no estuvo en la fiesta. El&nbsp;ex funcionario del Ayuntamiento de M\u00e9rida&nbsp;se\u00f1ala que acudi\u00f3 a auxiliar a una conocida suya<\/p>\n","protected":false},"author":1,"featured_media":18267,"comment_status":"open","ping_status":"open","sticky":false,"template":"","format":"standard","meta":{"jetpack_post_was_ever_published":false,"_jetpack_newsletter_access":"","_jetpack_dont_email_post_to_subs":false,"_jetpack_newsletter_tier_id":0,"_jetpack_memberships_contains_paywalled_content":false,"_jetpack_memberships_contains_paid_content":false,"footnotes":"","jetpack_publicize_message":"","jetpack_publicize_feature_enabled":true,"jetpack_social_post_already_shared":false,"jetpack_social_options":{"image_generator_settings":{"template":"highway","default_image_id":0,"font":"","enabled":false},"version":2}},"categories":[10,3,1],"tags":[],"class_list":["post-4079","post","type-post","status-publish","format-standard","has-post-thumbnail","hentry","category-lectura-recomendada","category-portada","category-sin-categoria"],"jetpack_publicize_connections":[],"jetpack_featured_media_url":"https:\/\/formalprision.com\/wp-content\/uploads\/2013\/12\/blogger-image-718886276.jpg","jetpack_sharing_enabled":true,"jetpack_shortlink":"https:\/\/wp.me\/p6id8p-13N","_links":{"self":[{"href":"https:\/\/formalprision.com\/index.php?rest_route=\/wp\/v2\/posts\/4079","targetHints":{"allow":["GET"]}}],"collection":[{"href":"https:\/\/formalprision.com\/index.php?rest_route=\/wp\/v2\/posts"}],"about":[{"href":"https:\/\/formalprision.com\/index.php?rest_route=\/wp\/v2\/types\/post"}],"author":[{"embeddable":true,"href":"https:\/\/formalprision.com\/index.php?rest_route=\/wp\/v2\/users\/1"}],"replies":[{"embeddable":true,"href":"https:\/\/formalprision.com\/index.php?rest_route=%2Fwp%2Fv2%2Fcomments&post=4079"}],"version-history":[{"count":0,"href":"https:\/\/formalprision.com\/index.php?rest_route=\/wp\/v2\/posts\/4079\/revisions"}],"wp:featuredmedia":[{"embeddable":true,"href":"https:\/\/formalprision.com\/index.php?rest_route=\/wp\/v2\/media\/18267"}],"wp:attachment":[{"href":"https:\/\/formalprision.com\/index.php?rest_route=%2Fwp%2Fv2%2Fmedia&parent=4079"}],"wp:term":[{"taxonomy":"category","embeddable":true,"href":"https:\/\/formalprision.com\/index.php?rest_route=%2Fwp%2Fv2%2Fcategories&post=4079"},{"taxonomy":"post_tag","embeddable":true,"href":"https:\/\/formalprision.com\/index.php?rest_route=%2Fwp%2Fv2%2Ftags&post=4079"}],"curies":[{"name":"wp","href":"https:\/\/api.w.org\/{rel}","templated":true}]}}