{"id":4084,"date":"2013-12-24T19:10:00","date_gmt":"2013-12-24T19:10:00","guid":{"rendered":"http:\/\/formalprision.info\/2013\/12\/24\/impugna-atlante-venta-del-atlas-tv\/"},"modified":"2015-06-03T08:41:25","modified_gmt":"2015-06-03T08:41:25","slug":"impugna-atlante-venta-del-atlas-tv","status":"publish","type":"post","link":"https:\/\/formalprision.com\/?p=4084","title":{"rendered":"Impugna Atlante venta del Atlas a TV Azteca"},"content":{"rendered":"<div style=\"font-family: Noteworthy; font-size: 18px; font-weight: bold; line-height: 24px; -webkit-tap-highlight-color: rgba(26, 26, 26, 0.296875); -webkit-composition-fill-color: rgba(130, 98, 83, 0.0976563); -webkit-composition-frame-color: rgba(191, 107, 82, 0.496094); \">\n<div>La Directiva del Atlante est\u00e1 convencida que la venta del Atlas a TV Azteca estuvo fuera de Reglamento y por lo mismo espera la respuesta de la Federaci\u00f3n Mexicana de Futbol ante la impugnaci\u00f3n que interpuso.<\/div>\n<div>El Presidente Ejecutivo de los Potros, Jos\u00e9 Antonio Garc\u00eda, acus\u00f3 la falta de Fair Play en el tema del descenso, pues record\u00f3 que no ser\u00e1 lo mismo pelear contra el Atlas de sus antiguos due\u00f1os, que frente a los Zorros ahora con el apoyo de una televisora.<\/div>\n<div>En ese sentido, mencion\u00f3 que para ese tipo de cambios se requiere el 80 por ciento de los votos de una Asamblea y que la venta fue aprobada tan s\u00f3lo con el 60, adem\u00e1s de que record\u00f3 que la misma debi\u00f3 darse durante una Asamblea Ordinaria, 30 d\u00edas antes de los Torneos Apertura, es decir, antes del inicio del a\u00f1o futbol\u00edstico.<\/div>\n<div>\u00abVamos a impugnarla porque es total y completamente fuera de lo legal de lo que es una Asamblea. No fue en el momento, no fueron los tiempos y no complementaron la cantidad de porcentaje que tiene que ser para la decisi\u00f3n de cambio de due\u00f1o\u00bb, se\u00f1al\u00f3.<\/div>\n<div>\u00abVamos a impugnarla porque es total y completamente fuera de lo legal de lo que es una Asamblea. No fue en el momento, no fueron los tiempos\u00bb<\/div>\n<div>Adem\u00e1s acus\u00f3 al entrenador del Atlas, Tom\u00e1s Boy, de ser un \u00abchill\u00f3n\u00bb por criticar que los Zorros han sido discriminados para fichar jugadores, adem\u00e1s de que calific\u00f3 al timonel de sobreactuado y poco natural.<\/div>\n<div>\u00abSe extra\u00f1a que no le hayan dado a Darvin Ch\u00e1vez, pero se deb\u00eda extra\u00f1ar como comentarista o de repente como t\u00e9cnico que es, que haya una venta del Atlas, que fue total y completamente ilegal, que fue autorizada mal por la Federaci\u00f3n Mexicana de Futbol\u00bb, expres\u00f3.<\/div>\n<div>\u00abEn lugar de ser &#8216;El Jefe&#8217; Tom\u00e1s Boy ahora hay que ponerle &#8216;El Chill\u00f3n&#8217; Tom\u00e1s Boy porque resulta que todos los partidos del Atlas protesta el arbitraje, cada partido empieza a hacer su presi\u00f3n\u00bb.<\/div>\n<div>Garc\u00eda record\u00f3 que el Atlante incluso se ve perjudicado por varios frentes en la lucha para no descender, la cual iniciar\u00e1 con una desventaja de 8 puntos respecto al Atlas, sobre todo porque otro de sus rivales directos, el Veracruz, es apoyado por el Gobierno de dicho estado, situaci\u00f3n diferente de esa franquicia cuando estaba en La Piedad, desde ascendi\u00f3 hace seis meses.<\/div>\n<div>\u00abNo es lo mismo que compitas contra la Piedad que contra el Veracruz, que est\u00e1 apoyado por el Gobierno, no es lo mismo que compitas con un Atlas que no pod\u00eda reforzarse a que tenga ahora una empresa atr\u00e1s que es TV Azteca\u00bb, a\u00f1adi\u00f3.<\/div>\n<div>\u00abEl tema es que hay que ganar en la cancha, lo vamos a pelear a muerte tanto dentro como fuera de la cancha, en el escritorio\u00bb.<\/div>\n<div>Sobre el plantel azulgrana, que esta tarde perdi\u00f3 un amistoso de 2-0 contra La M\u00e1quina en el Estadio Azul, explic\u00f3 que todav\u00eda esperan la llegada de Narciso Mina y Michael Arroyo, adem\u00e1s de que est\u00e1 por frustrarse el arribo del colombiano Dayro Moreno. Por ello, los for\u00e1neos perfilados a permanecer son Walter Erviti y Salustiano Candia.<\/div>\n<div>Adem\u00e1s se\u00f1al\u00f3 que podr\u00edan buscar a un tercer for\u00e1neo, por lo que otros como Christian Sosa y Mart\u00edn Galmarini estar\u00edan en duda para quedarse en el plantel.(Medio Tiempo)<\/p>\n<div class=\"separator\" style=\"clear: both;\"><a href=\"https:\/\/lh6.googleusercontent.com\/-N2CQY2R-n2s\/UrncL1I9RiI\/AAAAAAAAdeI\/ohak_NXb0gU\/s640\/blogger-image-498644560.jpg\" imageanchor=\"1\" style=\"margin-left: 1em; margin-right: 1em;\"><img decoding=\"async\" border=\"0\" src=\"https:\/\/lh6.googleusercontent.com\/-N2CQY2R-n2s\/UrncL1I9RiI\/AAAAAAAAdeI\/ohak_NXb0gU\/s640\/blogger-image-498644560.jpg\"><\/a><\/div>\n<\/div>\n<div><\/div>\n<\/div>\n","protected":false},"excerpt":{"rendered":"<p>La Directiva del Atlante est\u00e1 convencida que la venta del Atlas a TV Azteca estuvo fuera de Reglamento y por lo mismo espera la respuesta de la Federaci\u00f3n Mexicana de<\/p>\n","protected":false},"author":1,"featured_media":18277,"comment_status":"open","ping_status":"open","sticky":false,"template":"","format":"standard","meta":{"jetpack_post_was_ever_published":false,"_jetpack_newsletter_access":"","_jetpack_dont_email_post_to_subs":false,"_jetpack_newsletter_tier_id":0,"_jetpack_memberships_contains_paywalled_content":false,"_jetpack_memberships_contains_paid_content":false,"footnotes":"","jetpack_publicize_message":"","jetpack_publicize_feature_enabled":true,"jetpack_social_post_already_shared":false,"jetpack_social_options":{"image_generator_settings":{"template":"highway","default_image_id":0,"font":"","enabled":false},"version":2}},"categories":[4,1],"tags":[],"class_list":["post-4084","post","type-post","status-publish","format-standard","has-post-thumbnail","hentry","category-deportes","category-sin-categoria"],"jetpack_publicize_connections":[],"jetpack_featured_media_url":"https:\/\/formalprision.com\/wp-content\/uploads\/2013\/12\/blogger-image-498644560.jpg","jetpack_sharing_enabled":true,"jetpack_shortlink":"https:\/\/wp.me\/p6id8p-13S","_links":{"self":[{"href":"https:\/\/formalprision.com\/index.php?rest_route=\/wp\/v2\/posts\/4084","targetHints":{"allow":["GET"]}}],"collection":[{"href":"https:\/\/formalprision.com\/index.php?rest_route=\/wp\/v2\/posts"}],"about":[{"href":"https:\/\/formalprision.com\/index.php?rest_route=\/wp\/v2\/types\/post"}],"author":[{"embeddable":true,"href":"https:\/\/formalprision.com\/index.php?rest_route=\/wp\/v2\/users\/1"}],"replies":[{"embeddable":true,"href":"https:\/\/formalprision.com\/index.php?rest_route=%2Fwp%2Fv2%2Fcomments&post=4084"}],"version-history":[{"count":0,"href":"https:\/\/formalprision.com\/index.php?rest_route=\/wp\/v2\/posts\/4084\/revisions"}],"wp:featuredmedia":[{"embeddable":true,"href":"https:\/\/formalprision.com\/index.php?rest_route=\/wp\/v2\/media\/18277"}],"wp:attachment":[{"href":"https:\/\/formalprision.com\/index.php?rest_route=%2Fwp%2Fv2%2Fmedia&parent=4084"}],"wp:term":[{"taxonomy":"category","embeddable":true,"href":"https:\/\/formalprision.com\/index.php?rest_route=%2Fwp%2Fv2%2Fcategories&post=4084"},{"taxonomy":"post_tag","embeddable":true,"href":"https:\/\/formalprision.com\/index.php?rest_route=%2Fwp%2Fv2%2Ftags&post=4084"}],"curies":[{"name":"wp","href":"https:\/\/api.w.org\/{rel}","templated":true}]}}