{"id":4102,"date":"2013-12-20T21:38:00","date_gmt":"2013-12-20T21:38:00","guid":{"rendered":"http:\/\/formalprision.info\/2013\/12\/20\/celebran-el-primer-quinquenio-del-setey\/"},"modified":"2015-06-03T08:41:28","modified_gmt":"2015-06-03T08:41:28","slug":"celebran-el-primer-quinquenio-del-setey","status":"publish","type":"post","link":"https:\/\/formalprision.com\/?p=4102","title":{"rendered":"Celebran el primer quinquenio del Setey."},"content":{"rendered":"<div><\/div>\n<div>\n<div style=\"font-family: Noteworthy; font-size: 18px; font-weight: bold; line-height: 24px; -webkit-tap-highlight-color: rgba(26, 26, 26, 0.296875); -webkit-composition-fill-color: rgba(130, 98, 83, 0.0976563); -webkit-composition-frame-color: rgba(191, 107, 82, 0.496094); \">M\u00e9rida, Yucat\u00e1n, 20 de diciembre de 2013.- El Gobierno del Estado reconoce&nbsp;la labor que realizan los maestros en favor de una sociedad educada,&nbsp;preparada y propositiva para los retos que plantea el futuro, afirm\u00f3 el&nbsp;secretario General de Gobierno, V\u00edctor Caballero Dur\u00e1n, al encabezar el&nbsp;festejo conmemorativo por el V Aniversario del Sindicato Estatal de&nbsp;Trabajadores de la Educaci\u00f3n de Yucat\u00e1n (SETEY).<\/div>\n<div style=\"font-family: Noteworthy; font-size: 18px; font-weight: bold; line-height: 24px; -webkit-tap-highlight-color: rgba(26, 26, 26, 0.296875); -webkit-composition-fill-color: rgba(130, 98, 83, 0.0976563); -webkit-composition-frame-color: rgba(191, 107, 82, 0.496094); \">Acompa\u00f1ado del secretario general del SETEY, Juan Rigoberto Cervantes&nbsp;Romero, el funcionario estatal resalt\u00f3 que son los maestros los que hacen&nbsp;fuertes a las comunidades y familias, pues con sus conocimientos y vocaci\u00f3n&nbsp;de servicio son pilares de desarrollo y crecimiento de la sociedad yucateca.<\/div>\n<div style=\"font-family: Noteworthy; font-size: 18px; font-weight: bold; line-height: 24px; -webkit-tap-highlight-color: rgba(26, 26, 26, 0.296875); -webkit-composition-fill-color: rgba(130, 98, 83, 0.0976563); -webkit-composition-frame-color: rgba(191, 107, 82, 0.496094); \">\u201cEste sindicato es ejemplo de unidad, trabajo, disciplina y solidaridad lo&nbsp;que contribuye para mantenernos como un estado s\u00f3lido y fuerte, ejemplo en&nbsp;materia de desarrollo, pues juntos estamos construyendo un estado de&nbsp;bienestar para todos\u201d, concluy\u00f3.<\/div>\n<div style=\"font-family: Noteworthy; font-size: 18px; font-weight: bold; line-height: 24px; -webkit-tap-highlight-color: rgba(26, 26, 26, 0.296875); -webkit-composition-fill-color: rgba(130, 98, 83, 0.0976563); -webkit-composition-frame-color: rgba(191, 107, 82, 0.496094); \">En su oportunidad y ante m\u00e1s de mil agremiados Cervantes Romero destac\u00f3 el&nbsp;trabajo que en materia educativa esta realizado el Gobernador Rolando Zapata&nbsp;Bello y agradeci\u00f3 la apertura y di\u00e1logo permanente que se tiene con los&nbsp;sindicatos magisteriales.<\/div>\n<div style=\"font-family: Noteworthy; font-size: 18px; font-weight: bold; line-height: 24px; -webkit-tap-highlight-color: rgba(26, 26, 26, 0.296875); -webkit-composition-fill-color: rgba(130, 98, 83, 0.0976563); -webkit-composition-frame-color: rgba(191, 107, 82, 0.496094); \">Al evento, que se realiz\u00f3 en el local del Sindicato Nacional de Trabajadores&nbsp;del Seguro Social (SNTSS) secci\u00f3n VI, asisti\u00f3 el secretario de Desarrollo&nbsp;Social, Nerio Torres Arcila, as\u00ed como l\u00edderes sindicales en la entidad,&nbsp;maestros y simpatizantes del gremio.<\/div>\n<div style=\"font-family: Noteworthy; font-size: 18px; font-weight: bold; line-height: 24px; -webkit-tap-highlight-color: rgba(26, 26, 26, 0.296875); -webkit-composition-fill-color: rgba(130, 98, 83, 0.0976563); -webkit-composition-frame-color: rgba(191, 107, 82, 0.496094); \">\n<div class=\"separator\" style=\"clear: both;\"><a href=\"https:\/\/lh6.googleusercontent.com\/-DzFsPXpw8A8\/UrS40a_MugI\/AAAAAAAAdYk\/BkXUjfEODhE\/s640\/blogger-image--835015260.jpg\" imageanchor=\"1\" style=\"margin-left: 1em; margin-right: 1em;\"><img decoding=\"async\" border=\"0\" src=\"https:\/\/lh6.googleusercontent.com\/-DzFsPXpw8A8\/UrS40a_MugI\/AAAAAAAAdYk\/BkXUjfEODhE\/s640\/blogger-image--835015260.jpg\"><\/a><\/div>\n<p><\/div>\n<\/div>\n","protected":false},"excerpt":{"rendered":"<p>M\u00e9rida, Yucat\u00e1n, 20 de diciembre de 2013.- El Gobierno del Estado reconoce&nbsp;la labor que realizan los maestros en favor de una sociedad educada,&nbsp;preparada y propositiva para los retos que plantea<\/p>\n","protected":false},"author":1,"featured_media":18313,"comment_status":"open","ping_status":"open","sticky":false,"template":"","format":"standard","meta":{"jetpack_post_was_ever_published":false,"_jetpack_newsletter_access":"","_jetpack_dont_email_post_to_subs":false,"_jetpack_newsletter_tier_id":0,"_jetpack_memberships_contains_paywalled_content":false,"_jetpack_memberships_contains_paid_content":false,"footnotes":"","jetpack_publicize_message":"","jetpack_publicize_feature_enabled":true,"jetpack_social_post_already_shared":false,"jetpack_social_options":{"image_generator_settings":{"template":"highway","default_image_id":0,"font":"","enabled":false},"version":2}},"categories":[17,1],"tags":[],"class_list":["post-4102","post","type-post","status-publish","format-standard","has-post-thumbnail","hentry","category-politica-y-gobierno","category-sin-categoria"],"jetpack_publicize_connections":[],"jetpack_featured_media_url":"https:\/\/formalprision.com\/wp-content\/uploads\/2013\/12\/blogger-image-835015260.jpg","jetpack_sharing_enabled":true,"jetpack_shortlink":"https:\/\/wp.me\/p6id8p-14a","_links":{"self":[{"href":"https:\/\/formalprision.com\/index.php?rest_route=\/wp\/v2\/posts\/4102","targetHints":{"allow":["GET"]}}],"collection":[{"href":"https:\/\/formalprision.com\/index.php?rest_route=\/wp\/v2\/posts"}],"about":[{"href":"https:\/\/formalprision.com\/index.php?rest_route=\/wp\/v2\/types\/post"}],"author":[{"embeddable":true,"href":"https:\/\/formalprision.com\/index.php?rest_route=\/wp\/v2\/users\/1"}],"replies":[{"embeddable":true,"href":"https:\/\/formalprision.com\/index.php?rest_route=%2Fwp%2Fv2%2Fcomments&post=4102"}],"version-history":[{"count":0,"href":"https:\/\/formalprision.com\/index.php?rest_route=\/wp\/v2\/posts\/4102\/revisions"}],"wp:featuredmedia":[{"embeddable":true,"href":"https:\/\/formalprision.com\/index.php?rest_route=\/wp\/v2\/media\/18313"}],"wp:attachment":[{"href":"https:\/\/formalprision.com\/index.php?rest_route=%2Fwp%2Fv2%2Fmedia&parent=4102"}],"wp:term":[{"taxonomy":"category","embeddable":true,"href":"https:\/\/formalprision.com\/index.php?rest_route=%2Fwp%2Fv2%2Fcategories&post=4102"},{"taxonomy":"post_tag","embeddable":true,"href":"https:\/\/formalprision.com\/index.php?rest_route=%2Fwp%2Fv2%2Ftags&post=4102"}],"curies":[{"name":"wp","href":"https:\/\/api.w.org\/{rel}","templated":true}]}}