{"id":4105,"date":"2013-12-20T20:34:00","date_gmt":"2013-12-20T20:34:00","guid":{"rendered":"http:\/\/formalprision.info\/2013\/12\/20\/no-habra-recoleccion-de-basura-en\/"},"modified":"2015-06-03T08:41:30","modified_gmt":"2015-06-03T08:41:30","slug":"no-habra-recoleccion-de-basura-en","status":"publish","type":"post","link":"https:\/\/formalprision.com\/?p=4105","title":{"rendered":"No habr\u00e1 recolecci\u00f3n de basura en Navidad y A\u00f1o Nuevo"},"content":{"rendered":"<div style=\"font-family: Noteworthy; font-size: 18px; font-weight: bold; line-height: 24px; -webkit-tap-highlight-color: rgba(26, 26, 26, 0.296875); -webkit-composition-fill-color: rgba(130, 98, 83, 0.0976563); -webkit-composition-frame-color: rgba(191, 107, 82, 0.496094); \">Los pr\u00f3ximos d\u00edas&nbsp;25 de diciembre&nbsp;y&nbsp;1 de enero&nbsp;no habr\u00e1 servicio de recolecci\u00f3n de basura,por lo que se exhorta a los meridanos a tomar las precauciones necesarias para evitar inconvenientes por ese motivo,inform\u00f3 el subdirector de Ecolog\u00eda y Residuos S\u00f3lidos de la Direcci\u00f3n de Servicios P\u00fablicos Municipales,Ing.Elgar Pech y Canul.<\/div>\n<div style=\"font-family: Noteworthy; font-size: 18px; font-weight: bold; line-height: 24px; -webkit-tap-highlight-color: rgba(26, 26, 26, 0.296875); -webkit-composition-fill-color: rgba(130, 98, 83, 0.0976563); -webkit-composition-frame-color: rgba(191, 107, 82, 0.496094); \">El funcionario exhort\u00f3 a los usuarios a los que les corresponde el servicio a no sacar sus desechos domiciliarios en esos d\u00edas y hacerlo en el siguiente turno que les corresponda.<\/div>\n<div style=\"font-family: Noteworthy; font-size: 18px; font-weight: bold; line-height: 24px; -webkit-tap-highlight-color: rgba(26, 26, 26, 0.296875); -webkit-composition-fill-color: rgba(130, 98, 83, 0.0976563); -webkit-composition-frame-color: rgba(191, 107, 82, 0.496094); \">Inform\u00f3 que entre las colonias que no tendr\u00e1n recolecci\u00f3n los dos d\u00edas festivos est\u00e1n Carranza, Pol\u00edgono 108, Alem\u00e1n, Mayap\u00e1n y S\u00e1mbula, entre otras, a las que brinda servicio Servilimpia.<\/div>\n<div style=\"font-family: Noteworthy; font-size: 18px; font-weight: bold; line-height: 24px; -webkit-tap-highlight-color: rgba(26, 26, 26, 0.296875); -webkit-composition-fill-color: rgba(130, 98, 83, 0.0976563); -webkit-composition-frame-color: rgba(191, 107, 82, 0.496094); \">En el caso de Sana, figuran las colonias M\u00e9xico, Vista Alegre, Itzimn\u00e1, Melit\u00f3n Salazar y D\u00edaz Ordaz, por mencionar algunas.<\/div>\n<div style=\"font-family: Noteworthy; font-size: 18px; font-weight: bold; line-height: 24px; -webkit-tap-highlight-color: rgba(26, 26, 26, 0.296875); -webkit-composition-fill-color: rgba(130, 98, 83, 0.0976563); -webkit-composition-frame-color: rgba(191, 107, 82, 0.496094); \">Pamplona no laborar\u00e1 en Pensiones, Francisco de Montejo, Chuburn\u00e1, Las Am\u00e9ricas y Dolores Otero, mientras que Corbase no dar\u00e1 servicio en Juan Pablo II y Yucalpet\u00e9n&nbsp;<\/div>\n<div style=\"font-family: Noteworthy; font-size: 18px; font-weight: bold; line-height: 24px; -webkit-tap-highlight-color: rgba(26, 26, 26, 0.296875); -webkit-composition-fill-color: rgba(130, 98, 83, 0.0976563); -webkit-composition-frame-color: rgba(191, 107, 82, 0.496094); \">Tampoco habr\u00e1 recolecci\u00f3n de basura en comisar\u00edas de M\u00e9rida, entre ellas, Caucel, Dzity\u00e1, Dzununc\u00e1n, Molas y Yaxnic, por mencionar algunas.<\/div>\n<div style=\"font-family: Noteworthy; font-size: 18px; font-weight: bold; line-height: 24px; -webkit-tap-highlight-color: rgba(26, 26, 26, 0.296875); -webkit-composition-fill-color: rgba(130, 98, 83, 0.0976563); -webkit-composition-frame-color: rgba(191, 107, 82, 0.496094); \">Destac\u00f3 que el&nbsp;24 y el 31 de diciembre&nbsp;el servicio vespertino de recolecci\u00f3n de todas las empresas concluir\u00e1&nbsp;a las 8 de la noche. En caso de que hasta esta hora no se haya recolectado la basura, se exhorta a los vecinos a meterla de nuevo a sus casas y sacarla el d\u00eda siguiente de servicio que les corresponda, en tanto que el turno matutino laborar\u00e1 normal, de siete de la ma\u00f1ana a dos de la tarde.<\/div>\n<div style=\"font-family: Noteworthy; font-size: 18px; font-weight: bold; line-height: 24px; -webkit-tap-highlight-color: rgba(26, 26, 26, 0.296875); -webkit-composition-fill-color: rgba(130, 98, 83, 0.0976563); -webkit-composition-frame-color: rgba(191, 107, 82, 0.496094); \">Pech y Canul reiter\u00f3 la importancia de separar la basura org\u00e1nica de la inorg\u00e1nica, sobre todo en estos d\u00edas en que los desechos permanecer\u00e1n un d\u00eda m\u00e1s en los predios.<\/div>\n<div style=\"font-family: Noteworthy; font-size: 18px; font-weight: bold; line-height: 24px; -webkit-tap-highlight-color: rgba(26, 26, 26, 0.296875); -webkit-composition-fill-color: rgba(130, 98, 83, 0.0976563); -webkit-composition-frame-color: rgba(191, 107, 82, 0.496094); \">La basura org\u00e1nica, como residuos de alimentos, debe colocarse en un lugar con sombra para retardar su descomposici\u00f3n, expres\u00f3.<\/div>\n<div style=\"font-family: Noteworthy; font-size: 18px; font-weight: bold; line-height: 24px; -webkit-tap-highlight-color: rgba(26, 26, 26, 0.296875); -webkit-composition-fill-color: rgba(130, 98, 83, 0.0976563); -webkit-composition-frame-color: rgba(191, 107, 82, 0.496094); \">Finalmente, coment\u00f3 que con motivo de la Navidad y el fin de a\u00f1o la cantidad de basura aumenta en cada uno de esos d\u00edas en un 40% aproximadamente, recaud\u00e1ndose unas 1,050 toneladas por cada uno de esos d\u00edas. (Comunicado)<\/div>\n<div>\n<div class=\"separator\" style=\"clear: both;\"><a href=\"https:\/\/lh3.googleusercontent.com\/-sOc-vrUCJhU\/UrSpyBIaNDI\/AAAAAAAAdXs\/1BWrIeyQBZQ\/s640\/blogger-image-349573401.jpg\" imageanchor=\"1\" style=\"margin-left: 1em; margin-right: 1em;\"><img decoding=\"async\" border=\"0\" src=\"https:\/\/lh3.googleusercontent.com\/-sOc-vrUCJhU\/UrSpyBIaNDI\/AAAAAAAAdXs\/1BWrIeyQBZQ\/s640\/blogger-image-349573401.jpg\"><\/a><\/div>\n<p><\/div>\n","protected":false},"excerpt":{"rendered":"<p>Los pr\u00f3ximos d\u00edas&nbsp;25 de diciembre&nbsp;y&nbsp;1 de enero&nbsp;no habr\u00e1 servicio de recolecci\u00f3n de basura,por lo que se exhorta a los meridanos a tomar las precauciones necesarias para evitar inconvenientes por ese<\/p>\n","protected":false},"author":1,"featured_media":18319,"comment_status":"open","ping_status":"open","sticky":false,"template":"","format":"standard","meta":{"jetpack_post_was_ever_published":false,"_jetpack_newsletter_access":"","_jetpack_dont_email_post_to_subs":false,"_jetpack_newsletter_tier_id":0,"_jetpack_memberships_contains_paywalled_content":false,"_jetpack_memberships_contains_paid_content":false,"footnotes":"","jetpack_publicize_message":"","jetpack_publicize_feature_enabled":true,"jetpack_social_post_already_shared":false,"jetpack_social_options":{"image_generator_settings":{"template":"highway","default_image_id":0,"font":"","enabled":false},"version":2}},"categories":[17,3,1],"tags":[],"class_list":["post-4105","post","type-post","status-publish","format-standard","has-post-thumbnail","hentry","category-politica-y-gobierno","category-portada","category-sin-categoria"],"jetpack_publicize_connections":[],"jetpack_featured_media_url":"https:\/\/formalprision.com\/wp-content\/uploads\/2013\/12\/blogger-image-349573401.jpg","jetpack_sharing_enabled":true,"jetpack_shortlink":"https:\/\/wp.me\/p6id8p-14d","_links":{"self":[{"href":"https:\/\/formalprision.com\/index.php?rest_route=\/wp\/v2\/posts\/4105","targetHints":{"allow":["GET"]}}],"collection":[{"href":"https:\/\/formalprision.com\/index.php?rest_route=\/wp\/v2\/posts"}],"about":[{"href":"https:\/\/formalprision.com\/index.php?rest_route=\/wp\/v2\/types\/post"}],"author":[{"embeddable":true,"href":"https:\/\/formalprision.com\/index.php?rest_route=\/wp\/v2\/users\/1"}],"replies":[{"embeddable":true,"href":"https:\/\/formalprision.com\/index.php?rest_route=%2Fwp%2Fv2%2Fcomments&post=4105"}],"version-history":[{"count":0,"href":"https:\/\/formalprision.com\/index.php?rest_route=\/wp\/v2\/posts\/4105\/revisions"}],"wp:featuredmedia":[{"embeddable":true,"href":"https:\/\/formalprision.com\/index.php?rest_route=\/wp\/v2\/media\/18319"}],"wp:attachment":[{"href":"https:\/\/formalprision.com\/index.php?rest_route=%2Fwp%2Fv2%2Fmedia&parent=4105"}],"wp:term":[{"taxonomy":"category","embeddable":true,"href":"https:\/\/formalprision.com\/index.php?rest_route=%2Fwp%2Fv2%2Fcategories&post=4105"},{"taxonomy":"post_tag","embeddable":true,"href":"https:\/\/formalprision.com\/index.php?rest_route=%2Fwp%2Fv2%2Ftags&post=4105"}],"curies":[{"name":"wp","href":"https:\/\/api.w.org\/{rel}","templated":true}]}}