{"id":411,"date":"2015-04-26T20:34:00","date_gmt":"2015-04-26T20:34:00","guid":{"rendered":"http:\/\/formalprision.info\/2015\/04\/26\/se-incendian-bodegas-de-la-corona-en\/"},"modified":"2015-06-03T08:22:18","modified_gmt":"2015-06-03T08:22:18","slug":"se-incendian-bodegas-de-la-corona-en","status":"publish","type":"post","link":"https:\/\/formalprision.com\/?p=411","title":{"rendered":"Se incendian bodegas de la Corona en M\u00e9rida"},"content":{"rendered":"<p>Un incendio de grandes proporciones se registr\u00f3 la tarde de este domingo en las bodegas de la Corona ubicadas a la entrada del fraccionamiento Los H\u00e9roes, en la zona oriente de M\u00e9rida, en un predio donde tambi\u00e9n funciona el Centro de Espect\u00e1culos de la empresa cervecera.<br \/>\nEl siniestro comenz\u00f3 cerca de las 13:30 horas en la parte trasera y, seg\u00fan el vigilante, hasta el \u00faltimo rond\u00edn que realiz\u00f3 por esa parte, aproximadamente al mediod\u00eda, no hab\u00eda indicios de fuego.<br \/>\nEl voraz incendio propici\u00f3 la llegada de decenas agentes, bomberos y param\u00e9dicos de la SSP.<br \/>\nLas llamas consumieron llantas, neveras viejas y carrocer\u00edas de veh\u00edculos que ya no abandonados, que se encuentran en la parte trasera de las bodegas y que forma parte de este complejo de la Corona, en el que tambi\u00e9n funciona el centro de espect\u00e1culos.<\/p>\n<div>Trabajadores de la empresa llegaron para sacar veh\u00edculos que estaban resguardados en el sitio, pues no hab\u00eda operaciones por ser domingo.<br \/>Tambi\u00e9n fue necesario cerrar moment\u00e1neamente el tramo del Perif\u00e9rico que atraviesa por esa zona y algunos vecinos del fraccionamiento Los H\u00e9roes desalojaron voluntariamente sus casas ante las molestias que les ocasionaba el humo, pero en ning\u00fan momento corrieron peligro las viviendas.<\/p>\n<div>Sin embargo, quienes si fueron desalojados fueron vecinos de un asentamiento irregular que hat justo detr\u00e1s de las bodegas, pues la densa humareda si invadi\u00f3 sus viviendas.<br \/>\nLa gente sub\u00eda a los puentes peatonales del Perif\u00e9rico para ver el incendio, que tambi\u00e9n fue visible en otras zonas de la ciudad, incluso tan alejadas como Francisco de Montejo, en el norte de M\u00e9rida.<br \/>\nEl fuego fue controlado hora y media despu\u00e9s y los reportes preliminares no hablan de &nbsp;lesionados.<\/div>\n<div>Las causas del siniestro, seg\u00fan se dijo, fue por los intensos rayos del Sol que calentaron pl\u00e1sticos y v\u00eddrios que hab\u00eda en ese terreno,<\/p>\n<div class=\"separator\" style=\"clear: both; text-align: center;\">\n<a href=\"http:\/\/formalprision.com\/wp-content\/uploads\/2015\/04\/IMG20150426151226-768x1024.jpg\" imageanchor=\"1\" style=\"margin-left: 1em; margin-right: 1em;\"><img loading=\"lazy\" decoding=\"async\" border=\"0\" src=\"http:\/\/formalprision.com\/wp-content\/uploads\/2015\/04\/IMG20150426151226-768x1024.jpg\" height=\"320\" width=\"240\"><\/a><\/div>\n<\/div>\n<\/div>\n","protected":false},"excerpt":{"rendered":"<p>Un incendio de grandes proporciones se registr\u00f3 la tarde de este domingo en las bodegas de la Corona ubicadas a la entrada del fraccionamiento Los H\u00e9roes, en la zona oriente<\/p>\n","protected":false},"author":1,"featured_media":10862,"comment_status":"open","ping_status":"open","sticky":false,"template":"","format":"standard","meta":{"jetpack_post_was_ever_published":false,"_jetpack_newsletter_access":"","_jetpack_dont_email_post_to_subs":false,"_jetpack_newsletter_tier_id":0,"_jetpack_memberships_contains_paywalled_content":false,"_jetpack_memberships_contains_paid_content":false,"footnotes":"","jetpack_publicize_message":"","jetpack_publicize_feature_enabled":true,"jetpack_social_post_already_shared":false,"jetpack_social_options":{"image_generator_settings":{"template":"highway","default_image_id":0,"font":"","enabled":false},"version":2}},"categories":[7,3,1],"tags":[],"class_list":["post-411","post","type-post","status-publish","format-standard","has-post-thumbnail","hentry","category-breves","category-portada","category-sin-categoria"],"jetpack_publicize_connections":[],"jetpack_featured_media_url":"https:\/\/formalprision.com\/wp-content\/uploads\/2015\/04\/IMG20150426151226.jpg","jetpack_sharing_enabled":true,"jetpack_shortlink":"https:\/\/wp.me\/p6id8p-6D","_links":{"self":[{"href":"https:\/\/formalprision.com\/index.php?rest_route=\/wp\/v2\/posts\/411","targetHints":{"allow":["GET"]}}],"collection":[{"href":"https:\/\/formalprision.com\/index.php?rest_route=\/wp\/v2\/posts"}],"about":[{"href":"https:\/\/formalprision.com\/index.php?rest_route=\/wp\/v2\/types\/post"}],"author":[{"embeddable":true,"href":"https:\/\/formalprision.com\/index.php?rest_route=\/wp\/v2\/users\/1"}],"replies":[{"embeddable":true,"href":"https:\/\/formalprision.com\/index.php?rest_route=%2Fwp%2Fv2%2Fcomments&post=411"}],"version-history":[{"count":0,"href":"https:\/\/formalprision.com\/index.php?rest_route=\/wp\/v2\/posts\/411\/revisions"}],"wp:featuredmedia":[{"embeddable":true,"href":"https:\/\/formalprision.com\/index.php?rest_route=\/wp\/v2\/media\/10862"}],"wp:attachment":[{"href":"https:\/\/formalprision.com\/index.php?rest_route=%2Fwp%2Fv2%2Fmedia&parent=411"}],"wp:term":[{"taxonomy":"category","embeddable":true,"href":"https:\/\/formalprision.com\/index.php?rest_route=%2Fwp%2Fv2%2Fcategories&post=411"},{"taxonomy":"post_tag","embeddable":true,"href":"https:\/\/formalprision.com\/index.php?rest_route=%2Fwp%2Fv2%2Ftags&post=411"}],"curies":[{"name":"wp","href":"https:\/\/api.w.org\/{rel}","templated":true}]}}