{"id":4110,"date":"2013-12-19T22:58:00","date_gmt":"2013-12-19T22:58:00","guid":{"rendered":"http:\/\/formalprision.info\/2013\/12\/19\/prisionero-yucateco-saldra-la-calle-con\/"},"modified":"2015-06-03T08:41:31","modified_gmt":"2015-06-03T08:41:31","slug":"prisionero-yucateco-saldra-la-calle-con","status":"publish","type":"post","link":"https:\/\/formalprision.com\/?p=4110","title":{"rendered":"Reo yucateco saldr\u00e1 a la calle con brazalete electr\u00f3nico"},"content":{"rendered":"<div style=\"font-family: Noteworthy; font-size: 18px; font-weight: bold; line-height: 24px; -webkit-tap-highlight-color: rgba(26, 26, 26, 0.296875); -webkit-composition-fill-color: rgba(130, 98, 83, 0.0976563); -webkit-composition-frame-color: rgba(191, 107, 82, 0.496094); \">En un hecho sin precedente en la historia judicial de Yucat\u00e1n, un juez local dispuso el uso de un brazalete electr\u00f3nico para un sujeto acusado de lesionar a otra persona.<\/div>\n<div style=\"font-family: Noteworthy; font-size: 18px; font-weight: bold; line-height: 24px; -webkit-tap-highlight-color: rgba(26, 26, 26, 0.296875); -webkit-composition-fill-color: rgba(130, 98, 83, 0.0976563); -webkit-composition-frame-color: rgba(191, 107, 82, 0.496094); \">El acusado, quien se encuentra bajo proceso penal, usar\u00e1 en el tobillo el dispositivo electr\u00f3nico que permitir\u00e1 rastrear sus movimientos y le impedir\u00e1 salir de M\u00e9rida o Kanas\u00edn, adem\u00e1s de que no podr\u00e1 acercarse a la v\u00edctima.<\/div>\n<div style=\"font-family: Noteworthy; font-size: 18px; font-weight: bold; line-height: 24px; -webkit-tap-highlight-color: rgba(26, 26, 26, 0.296875); -webkit-composition-fill-color: rgba(130, 98, 83, 0.0976563); -webkit-composition-frame-color: rgba(191, 107, 82, 0.496094); \">Los pasos del acusado (cuya identidad no se revel\u00f3) ser\u00e1n monitoreados desde la sede del Poder Judicial estatal, en la Inal\u00e1mbrica.<\/div>\n<div style=\"font-family: Noteworthy; font-size: 18px; font-weight: bold; line-height: 24px; -webkit-tap-highlight-color: rgba(26, 26, 26, 0.296875); -webkit-composition-fill-color: rgba(130, 98, 83, 0.0976563); -webkit-composition-frame-color: rgba(191, 107, 82, 0.496094); \">Se inform\u00f3 que la resoluci\u00f3n fue tomada por el juzgado 1\u00ba. &nbsp;de control del 2\u00ba. Distrito judicial, con sede en Kanas\u00edn.<\/div>\n<div style=\"font-family: Noteworthy; font-size: 18px; font-weight: bold; line-height: 24px; -webkit-tap-highlight-color: rgba(26, 26, 26, 0.296875); -webkit-composition-fill-color: rgba(130, 98, 83, 0.0976563); -webkit-composition-frame-color: rgba(191, 107, 82, 0.496094); \">En la audiencia se resolvi\u00f3 modificar la medida cautelar de prisi\u00f3n preventiva por la del uso de un brazalete electr\u00f3nico al sujeto &nbsp;imputado por delito de lesiones que ponen en peligro la vida.<\/div>\n<div style=\"font-family: Noteworthy; font-size: 18px; font-weight: bold; line-height: 24px; -webkit-tap-highlight-color: rgba(26, 26, 26, 0.296875); -webkit-composition-fill-color: rgba(130, 98, 83, 0.0976563); -webkit-composition-frame-color: rgba(191, 107, 82, 0.496094); \">A solicitud de la defensa y contando con la anuencia de la parte acusadora, el titular de ese juzgado, Luis Edwin Mugarte Guerrero, determin\u00f3 que dicha solicitud era procedente dado que las lesiones que se le imputan al detenido ya no ponen en peligro la vida de la v\u00edctima, adem\u00e1s de que el acusado tiene problemas de salud, los cuales pueden ser atendidos en el domicilio donde residir\u00e1.<\/div>\n<div style=\"font-family: Noteworthy; font-size: 18px; font-weight: bold; line-height: 24px; -webkit-tap-highlight-color: rgba(26, 26, 26, 0.296875); -webkit-composition-fill-color: rgba(130, 98, 83, 0.0976563); -webkit-composition-frame-color: rgba(191, 107, 82, 0.496094); \">El Tribunal Superior de Justicia inform\u00f3 que es la primera ocasi\u00f3n que se implementa esta novedosa medida en alg\u00fan proceso judicial y permitir\u00e1 al imputado vivir su proceso en libertad, pero bajo un estricto monitoreo, ya que el brazalete que se le coloc\u00f3 en el tobillo permitir\u00e1 su vigilancia permanente.<\/div>\n<div style=\"font-family: Noteworthy; font-size: 18px; font-weight: bold; line-height: 24px; -webkit-tap-highlight-color: rgba(26, 26, 26, 0.296875); -webkit-composition-fill-color: rgba(130, 98, 83, 0.0976563); -webkit-composition-frame-color: rgba(191, 107, 82, 0.496094); \">La defensa bas\u00f3 su solicitud en los t\u00e9rminos del C\u00f3digo Penal, al tratarse de un delito que no es considerado como grave y buscando una medida \u00abm\u00e1s humana\u00bb para esta persona, ya que presenta problemas serios de salud.<\/div>\n<div style=\"font-family: Noteworthy; font-size: 18px; font-weight: bold; line-height: 24px; -webkit-tap-highlight-color: rgba(26, 26, 26, 0.296875); -webkit-composition-fill-color: rgba(130, 98, 83, 0.0976563); -webkit-composition-frame-color: rgba(191, 107, 82, 0.496094); \">Tambi\u00e9n cont\u00f3 el hecho de que el imputado se present\u00f3 voluntariamente a comparecer ante la Fiscal\u00eda de la ciudad de Izamal a la cual corresponde el poblado de Hom\u00fan, lugar donde ocurrieron los hechos delictivos.<\/div>\n<div style=\"font-family: Noteworthy; font-size: 18px; font-weight: bold; line-height: 24px; -webkit-tap-highlight-color: rgba(26, 26, 26, 0.296875); -webkit-composition-fill-color: rgba(130, 98, 83, 0.0976563); -webkit-composition-frame-color: rgba(191, 107, 82, 0.496094); \">El dispositivo lo usar\u00e1 mientras dura el proceso, el cual pasar\u00e1 en casa de su hija en esta ciudad.<\/div>\n<div style=\"font-family: Noteworthy; font-size: 18px; font-weight: bold; line-height: 24px; -webkit-tap-highlight-color: rgba(26, 26, 26, 0.296875); -webkit-composition-fill-color: rgba(130, 98, 83, 0.0976563); -webkit-composition-frame-color: rgba(191, 107, 82, 0.496094); \">Adem\u00e1s, el imputado s\u00f3lo pueda tener movilidad en las ciudades de M\u00e9rida y Kanas\u00edn, as\u00ed como se acord\u00f3 la restricci\u00f3n para acercarse a la v\u00edctima y a los testigos, quienes residen en el municipio de Hom\u00fan<\/p>\n<div class=\"separator\" style=\"clear: both;\"><a href=\"https:\/\/lh3.googleusercontent.com\/-EfPsbSPRVjU\/UrN6GpQxnZI\/AAAAAAAAdWg\/kjuRweNQ8LI\/s640\/blogger-image-1297213651.jpg\" imageanchor=\"1\" style=\"margin-left: 1em; margin-right: 1em;\"><img decoding=\"async\" border=\"0\" src=\"https:\/\/lh3.googleusercontent.com\/-EfPsbSPRVjU\/UrN6GpQxnZI\/AAAAAAAAdWg\/kjuRweNQ8LI\/s640\/blogger-image-1297213651.jpg\"><\/a><\/div>\n<\/div>\n","protected":false},"excerpt":{"rendered":"<p>En un hecho sin precedente en la historia judicial de Yucat\u00e1n, un juez local dispuso el uso de un brazalete electr\u00f3nico para un sujeto acusado de lesionar a otra persona.<\/p>\n","protected":false},"author":1,"featured_media":18329,"comment_status":"open","ping_status":"open","sticky":false,"template":"","format":"standard","meta":{"jetpack_post_was_ever_published":false,"_jetpack_newsletter_access":"","_jetpack_dont_email_post_to_subs":false,"_jetpack_newsletter_tier_id":0,"_jetpack_memberships_contains_paywalled_content":false,"_jetpack_memberships_contains_paid_content":false,"footnotes":"","jetpack_publicize_message":"","jetpack_publicize_feature_enabled":true,"jetpack_social_post_already_shared":false,"jetpack_social_options":{"image_generator_settings":{"template":"highway","default_image_id":0,"font":"","enabled":false},"version":2}},"categories":[8,3,1],"tags":[],"class_list":["post-4110","post","type-post","status-publish","format-standard","has-post-thumbnail","hentry","category-noticias-variadas","category-portada","category-sin-categoria"],"jetpack_publicize_connections":[],"jetpack_featured_media_url":"https:\/\/formalprision.com\/wp-content\/uploads\/2013\/12\/blogger-image-1297213651.jpg","jetpack_sharing_enabled":true,"jetpack_shortlink":"https:\/\/wp.me\/p6id8p-14i","_links":{"self":[{"href":"https:\/\/formalprision.com\/index.php?rest_route=\/wp\/v2\/posts\/4110","targetHints":{"allow":["GET"]}}],"collection":[{"href":"https:\/\/formalprision.com\/index.php?rest_route=\/wp\/v2\/posts"}],"about":[{"href":"https:\/\/formalprision.com\/index.php?rest_route=\/wp\/v2\/types\/post"}],"author":[{"embeddable":true,"href":"https:\/\/formalprision.com\/index.php?rest_route=\/wp\/v2\/users\/1"}],"replies":[{"embeddable":true,"href":"https:\/\/formalprision.com\/index.php?rest_route=%2Fwp%2Fv2%2Fcomments&post=4110"}],"version-history":[{"count":0,"href":"https:\/\/formalprision.com\/index.php?rest_route=\/wp\/v2\/posts\/4110\/revisions"}],"wp:featuredmedia":[{"embeddable":true,"href":"https:\/\/formalprision.com\/index.php?rest_route=\/wp\/v2\/media\/18329"}],"wp:attachment":[{"href":"https:\/\/formalprision.com\/index.php?rest_route=%2Fwp%2Fv2%2Fmedia&parent=4110"}],"wp:term":[{"taxonomy":"category","embeddable":true,"href":"https:\/\/formalprision.com\/index.php?rest_route=%2Fwp%2Fv2%2Fcategories&post=4110"},{"taxonomy":"post_tag","embeddable":true,"href":"https:\/\/formalprision.com\/index.php?rest_route=%2Fwp%2Fv2%2Ftags&post=4110"}],"curies":[{"name":"wp","href":"https:\/\/api.w.org\/{rel}","templated":true}]}}