{"id":4113,"date":"2013-12-19T21:37:00","date_gmt":"2013-12-19T21:37:00","guid":{"rendered":"http:\/\/formalprision.info\/2013\/12\/19\/mas-de-23-mil-yucatecos-ya-cuentan-con\/"},"modified":"2015-06-03T08:41:31","modified_gmt":"2015-06-03T08:41:31","slug":"mas-de-23-mil-yucatecos-ya-cuentan-con","status":"publish","type":"post","link":"https:\/\/formalprision.com\/?p=4113","title":{"rendered":"M\u00e1s de 23 mil yucatecos ya cuentan con un empleo digno"},"content":{"rendered":"<div class=\"separator\" style=\"clear: both; text-align: center;\">\n<a href=\"http:\/\/4.bp.blogspot.com\/-St7UPo4kjec\/UrNnEjiSqjI\/AAAAAAAAdV4\/tpA946gkUOg\/s1600\/aaaempleos.JPG\" imageanchor=\"1\" style=\"margin-left: 1em; margin-right: 1em;\"><img loading=\"lazy\" decoding=\"async\" border=\"0\" height=\"211\" src=\"http:\/\/formalprision.com\/wp-content\/uploads\/2013\/12\/aaaempleos.jpg\" width=\"320\"><\/a><\/div>\n<h2 style=\"background-color: white; color: #444444; font-family: 'Times New Roman', serif; font-size: 18pt; line-height: 34px; margin: 0px 0px 10px; text-align: justify;\">\nM\u00e9rida, Yucat\u00e1n, 19 de diciembre de 2013.- Como resultado de la aplicaci\u00f3n de esquemas como B\u00e9cate, Fomento al Autoempleo y Capacitaci\u00f3n en la Pr\u00e1ctica Laboral, as\u00ed como ferias y jornadas de empleo, m\u00e1s de 23 mil yucatecos han obtenido un trabajo digno que les permite mejorar su calidad de vida, informaron autoridades estatales.<\/h2>\n<h2 style=\"background-color: white; color: #444444; font-family: 'Times New Roman', serif; font-size: 18pt; line-height: 34px; margin: 0px 0px 10px; text-align: justify;\">\nPara continuar con las acciones en este sentido, este d\u00eda el Gobernador Rolando Zapata Bello entreg\u00f3 apoyos del programa Bienestar Laboral, por m\u00e1s de 5.5 millones de pesos en beneficio de mil personas de todo el estado.<\/h2>\n<h2 style=\"background-color: white; color: #444444; font-family: 'Times New Roman', serif; font-size: 18pt; line-height: 34px; margin: 0px 0px 10px; text-align: justify;\">\nEn evento celebrado en la cancha de usos m\u00faltiples del Instituto del Deporte (IDEY), el titular del Poder Ejecutivo asegur\u00f3 que es tiempo de impulsar la productividad del estado y generar m\u00e1s empleos, a fin de detonar la econom\u00eda y ofrecer una mejor calidad de vida a la poblaci\u00f3n yucateca.<\/h2>\n<h2 style=\"background-color: white; color: #444444; font-family: 'Times New Roman', serif; font-size: 18pt; line-height: 34px; margin: 0px 0px 10px; text-align: justify;\">\n\u201cNecesitamos m\u00e1s empleos, que las familias tenga una forma de vida digna. Por eso estamos tan empe\u00f1ados en generar empleos en Yucat\u00e1n y lo estamos haciendo desde el apoyo a la inversi\u00f3n extranjera, nacional y local, para que vengan grandes empresas a establecerse a la entidad, y contraten a un mayor n\u00famero de yucatecos\u201d, enfatiz\u00f3.<\/h2>\n<h2 style=\"background-color: white; color: #444444; font-family: 'Times New Roman', serif; font-size: 18pt; line-height: 34px; margin: 0px 0px 10px; text-align: justify;\">\nAnte beneficiarios, el delegado de la Secretar\u00eda del Trabajo y Previsi\u00f3n Social (STPS), Ricardo B\u00e9jar Herrera, funcionarios estatales y federales, Zapata Bello expres\u00f3 que el Gobierno del Estado continuar\u00e1 trabajando para incrementar los esquemas de financiamiento que impulsen la productividad y competitividad de las micro, peque\u00f1as y medianas empresas locales, que a su vez garantizar\u00e1n la creaci\u00f3n de m\u00e1s fuentes de empleo.<\/h2>\n<h2 style=\"background-color: white; color: #444444; font-family: 'Times New Roman', serif; font-size: 18pt; line-height: 34px; margin: 0px 0px 10px; text-align: justify;\">\nEn su turno, el titular de la STPS, Enrique Castillo Ruz, se\u00f1al\u00f3 que desde el inicio de la presente administraci\u00f3n estatal, se ha podido colocar en una plaza o actividad productiva a m\u00e1s de 23 mil personas, mediante servicios de vinculaci\u00f3n con el sector laboral, as\u00ed como apoyos econ\u00f3micos y en especie.<\/h2>\n<h2 style=\"background-color: white; color: #444444; font-family: 'Times New Roman', serif; font-size: 18pt; line-height: 34px; margin: 0px 0px 10px; text-align: justify;\">\n\u201cDe igual forma seg\u00fan datos del Instituto Mexicano del Seguro Social, de octubre de 2012 a 2013 se han generado m\u00e1s de 13 mil empleos formales en todo el estado\u201d, precis\u00f3.<\/h2>\n<h2 style=\"background-color: white; color: #444444; font-family: 'Times New Roman', serif; font-size: 18pt; line-height: 34px; margin: 0px 0px 10px; text-align: justify;\">\nA trav\u00e9s del esquema de Fomento al Autoempleo, detall\u00f3, se ha entregado m\u00e1s de 500 equipos y maquinaria para impulsar la creaci\u00f3n de negocios propios; y con el programa de Artes y Oficios se ha beneficiado a m\u00e1s de mil 600 personas.<\/h2>\n<h2 style=\"background-color: white; color: #444444; font-family: 'Times New Roman', serif; font-size: 18pt; line-height: 34px; margin: 0px 0px 10px; text-align: justify;\">\nDurante el evento, el Gobernador tambi\u00e9n entreg\u00f3 840 becas del programa Capacitaci\u00f3n en la Pr\u00e1ctica Laboral. Adem\u00e1s, otorg\u00f3 maquinaria y equipo para 80 proyectos &nbsp;y 30 actas de bienes en propiedad a personas que lograron que sus iniciativas sean productivas. &nbsp;<\/h2>\n<h2 style=\"background-color: white; color: #444444; font-family: 'Times New Roman', serif; font-size: 18pt; line-height: 34px; margin: 0px 0px 10px; text-align: justify;\">\nEn representaci\u00f3n de los beneficiados, Silvia Bacelis Cervera agradeci\u00f3 el apoyo y preocupaci\u00f3n del Gobierno del Estado para acercar a la poblaci\u00f3n ofertas de autoempleo que les permiten asegurar un mejor futuro a sus familias.<\/h2>\n<h2 style=\"background-color: white; color: #444444; font-family: 'Times New Roman', serif; font-size: 18pt; line-height: 34px; margin: 0px 0px 10px; text-align: justify;\">\nAsistieron al evento, los l\u00edderes de la Federaci\u00f3n de Trabajadores del Estado de Yucat\u00e1n, Mario Tr\u00e1nsito Chan Chan; y de la Confederaci\u00f3n Revolucionaria de Obreros y Campesinos, Pedro Oxt\u00e9 Conrado; adem\u00e1s de los secretarios de Fomento Econ\u00f3mico, David Alpizar Carrillo y de Desarrollo Social, Nerio Torres Arcila. (Comunicado)<\/h2>\n<div class=\"ecxMsoNormal\" style=\"background-color: white; color: #444444; font-family: 'Times New Roman', serif; font-size: 12pt; line-height: 22px; margin-bottom: 1.35em;\">\n<\/div>\n","protected":false},"excerpt":{"rendered":"<p>M\u00e9rida, Yucat\u00e1n, 19 de diciembre de 2013.- Como resultado de la aplicaci\u00f3n de esquemas como B\u00e9cate, Fomento al Autoempleo y Capacitaci\u00f3n en la Pr\u00e1ctica Laboral, as\u00ed como ferias y jornadas<\/p>\n","protected":false},"author":1,"featured_media":18334,"comment_status":"open","ping_status":"open","sticky":false,"template":"","format":"standard","meta":{"jetpack_post_was_ever_published":false,"_jetpack_newsletter_access":"","_jetpack_dont_email_post_to_subs":false,"_jetpack_newsletter_tier_id":0,"_jetpack_memberships_contains_paywalled_content":false,"_jetpack_memberships_contains_paid_content":false,"footnotes":"","jetpack_publicize_message":"","jetpack_publicize_feature_enabled":true,"jetpack_social_post_already_shared":false,"jetpack_social_options":{"image_generator_settings":{"template":"highway","default_image_id":0,"font":"","enabled":false},"version":2}},"categories":[17,1],"tags":[],"class_list":["post-4113","post","type-post","status-publish","format-standard","has-post-thumbnail","hentry","category-politica-y-gobierno","category-sin-categoria"],"jetpack_publicize_connections":[],"jetpack_featured_media_url":"https:\/\/formalprision.com\/wp-content\/uploads\/2013\/12\/aaaempleos.jpg","jetpack_sharing_enabled":true,"jetpack_shortlink":"https:\/\/wp.me\/p6id8p-14l","_links":{"self":[{"href":"https:\/\/formalprision.com\/index.php?rest_route=\/wp\/v2\/posts\/4113","targetHints":{"allow":["GET"]}}],"collection":[{"href":"https:\/\/formalprision.com\/index.php?rest_route=\/wp\/v2\/posts"}],"about":[{"href":"https:\/\/formalprision.com\/index.php?rest_route=\/wp\/v2\/types\/post"}],"author":[{"embeddable":true,"href":"https:\/\/formalprision.com\/index.php?rest_route=\/wp\/v2\/users\/1"}],"replies":[{"embeddable":true,"href":"https:\/\/formalprision.com\/index.php?rest_route=%2Fwp%2Fv2%2Fcomments&post=4113"}],"version-history":[{"count":0,"href":"https:\/\/formalprision.com\/index.php?rest_route=\/wp\/v2\/posts\/4113\/revisions"}],"wp:featuredmedia":[{"embeddable":true,"href":"https:\/\/formalprision.com\/index.php?rest_route=\/wp\/v2\/media\/18334"}],"wp:attachment":[{"href":"https:\/\/formalprision.com\/index.php?rest_route=%2Fwp%2Fv2%2Fmedia&parent=4113"}],"wp:term":[{"taxonomy":"category","embeddable":true,"href":"https:\/\/formalprision.com\/index.php?rest_route=%2Fwp%2Fv2%2Fcategories&post=4113"},{"taxonomy":"post_tag","embeddable":true,"href":"https:\/\/formalprision.com\/index.php?rest_route=%2Fwp%2Fv2%2Ftags&post=4113"}],"curies":[{"name":"wp","href":"https:\/\/api.w.org\/{rel}","templated":true}]}}