{"id":4114,"date":"2013-12-19T21:30:00","date_gmt":"2013-12-19T21:30:00","guid":{"rendered":"http:\/\/formalprision.info\/2013\/12\/19\/esposiciion-de-reynaldo-bolio-pacelli\/"},"modified":"2015-06-03T08:41:32","modified_gmt":"2015-06-03T08:41:32","slug":"esposiciion-de-reynaldo-bolio-pacelli","status":"publish","type":"post","link":"https:\/\/formalprision.com\/?p=4114","title":{"rendered":"Exposici\u00f3n de Reynaldo Bolio \u201cPacelli\u201d en el Distrito Federal"},"content":{"rendered":"<div class=\"separator\" style=\"clear: both; text-align: center;\">\n<a href=\"http:\/\/3.bp.blogspot.com\/-d4PQbAfaO6w\/UrNlUph_p3I\/AAAAAAAAdVs\/IZW-VQ-O0YY\/s1600\/aaaescult.JPG\" imageanchor=\"1\" style=\"margin-left: 1em; margin-right: 1em;\"><img loading=\"lazy\" decoding=\"async\" border=\"0\" height=\"221\" src=\"http:\/\/formalprision.com\/wp-content\/uploads\/2013\/12\/aaaescult.jpg\" width=\"320\"><\/a><\/div>\n<div class=\"ecxMsoNormal\" style=\"background-color: white; color: #444444; font-family: Calibri, sans-serif; font-size: 15px; line-height: 21px; margin-bottom: 1.35em; text-align: justify;\">\n<b>Debido al \u00e9xito obtenido en el Distrito Federal, la exposici\u00f3n Seres y Dioses del Mayab Eterno, del escultor yucateco Reynaldo Bolio Su\u00e1rez \u201cPachelli\u201d, ampli\u00f3 su permanencia para ser presentada en diversos espacios de la capital.<\/b><\/div>\n<div class=\"ecxMsoNormal\" style=\"background-color: white; color: #444444; font-family: Calibri, sans-serif; font-size: 15px; line-height: 21px; margin-bottom: 1.35em; text-align: justify;\">\n<b>El Gobierno del Estado, a trav\u00e9s de la Secretar\u00eda de la Cultura y las Artes (SEDECULTA),&nbsp; apoy\u00f3 el traslado a la Ciudad de M\u00e9xico de las ocho esculturas monumentales que forman la muestra del artista yucateco.<\/b><\/div>\n<div class=\"ecxMsoNormal\" style=\"background-color: white; color: #444444; font-family: Calibri, sans-serif; font-size: 15px; line-height: 21px; margin-bottom: 1.35em; text-align: justify;\">\n<b>El siguiente punto que visitar\u00e1 la exposici\u00f3n ser\u00e1 la estaci\u00f3n Buenavista del Tren Suburbano de la delegaci\u00f3n Cuauht\u00e9moc, despu\u00e9s de su estad\u00eda que inici\u00f3 a finales de noviembre en el corredor cultural de la avenida \u00c1lvaro Obreg\u00f3n, ubicada entre las calles de M\u00e9rida y Frontera de la misma zona habitacional.<\/b><\/div>\n<div class=\"ecxMsoNormal\" style=\"background-color: white; color: #444444; font-family: Calibri, sans-serif; font-size: 15px; line-height: 21px; margin-bottom: 1.35em; text-align: justify;\">\n<b>Las obras podr\u00e1n ser observadas pr\u00f3ximamente en las Plazas Garibaldi y de las Tres Culturas, as\u00ed como en el Corredor Cultural Roma Condesa, durante aproximadamente un mes en cada sitio, para que los habitantes de la capital puedan conocer m\u00e1s de la cultura yucateca y apreciar los elementos mayas y prehisp\u00e1nicos de la entidad.<\/b><\/div>\n<div class=\"ecxMsoNormal\" style=\"background-color: white; color: #444444; font-family: Calibri, sans-serif; font-size: 15px; line-height: 21px; margin-bottom: 1.35em; text-align: justify;\">\n<b>La muestra est\u00e1 compuesta por las obras Yaxch\u00e9, Caracol de Vida, Trigue\u00f1a, Diosa Ixchel, Monumento al Tolok, Constructor Maya Prehisp\u00e1nico, Libre Albedr\u00edo y Anunciador Maya.<\/b><\/div>\n<div class=\"ecxMsoNormal\" style=\"background-color: white; color: #444444; font-family: Calibri, sans-serif; font-size: 15px; line-height: 21px; margin-bottom: 1.35em; text-align: justify;\">\n<b style=\"font-family: Arial;\">Reynaldo Bolio Su\u00e1rez naci\u00f3 en M\u00e9rida, Yucat\u00e1n el 6 de enero de 1959 y estudi\u00f3 la carrera de Artes Pl\u00e1sticas en la Escuela Nacional de Pintura, Escultura y Grabado \u201cLa esmeralda\u201d del Instituto Nacional de Bellas Artes (INBA).<\/b><\/div>\n<div class=\"ecxMsoNormal\" style=\"background-color: white; color: #444444; font-family: Calibri, sans-serif; font-size: 15px; line-height: 21px; margin-bottom: 1.35em; text-align: justify;\">\n<b>Trabaj\u00f3 en el Departamento de Preservaci\u00f3n y Reproducci\u00f3n de Arte Prehisp\u00e1nico del Instituto Nacional de Antropolog\u00eda e Historia (INAH), en el Departamento de Retratos Escult\u00f3ricos del Museo de Cera de la Ciudad de M\u00e9xico, entre otros. Ha sido juez calificador en distintos cert\u00e1menes. (Comunicado)<\/b><\/div>\n<div class=\"ecxMsoNormal\" style=\"background-color: white; color: #444444; font-family: Calibri, sans-serif; font-size: 15px; line-height: 21px; margin-bottom: 1.35em; text-align: justify;\">\n<\/div>\n","protected":false},"excerpt":{"rendered":"<p>Debido al \u00e9xito obtenido en el Distrito Federal, la exposici\u00f3n Seres y Dioses del Mayab Eterno, del escultor yucateco Reynaldo Bolio Su\u00e1rez \u201cPachelli\u201d, ampli\u00f3 su permanencia para ser presentada en<\/p>\n","protected":false},"author":1,"featured_media":18336,"comment_status":"open","ping_status":"open","sticky":false,"template":"","format":"standard","meta":{"jetpack_post_was_ever_published":false,"_jetpack_newsletter_access":"","_jetpack_dont_email_post_to_subs":false,"_jetpack_newsletter_tier_id":0,"_jetpack_memberships_contains_paywalled_content":false,"_jetpack_memberships_contains_paid_content":false,"footnotes":"","jetpack_publicize_message":"","jetpack_publicize_feature_enabled":true,"jetpack_social_post_already_shared":false,"jetpack_social_options":{"image_generator_settings":{"template":"highway","default_image_id":0,"font":"","enabled":false},"version":2}},"categories":[32,1,49],"tags":[],"class_list":["post-4114","post","type-post","status-publish","format-standard","has-post-thumbnail","hentry","category-espectaculos","category-sin-categoria","category-tocho-morocho"],"jetpack_publicize_connections":[],"jetpack_featured_media_url":"https:\/\/formalprision.com\/wp-content\/uploads\/2013\/12\/aaaescult.jpg","jetpack_sharing_enabled":true,"jetpack_shortlink":"https:\/\/wp.me\/p6id8p-14m","_links":{"self":[{"href":"https:\/\/formalprision.com\/index.php?rest_route=\/wp\/v2\/posts\/4114","targetHints":{"allow":["GET"]}}],"collection":[{"href":"https:\/\/formalprision.com\/index.php?rest_route=\/wp\/v2\/posts"}],"about":[{"href":"https:\/\/formalprision.com\/index.php?rest_route=\/wp\/v2\/types\/post"}],"author":[{"embeddable":true,"href":"https:\/\/formalprision.com\/index.php?rest_route=\/wp\/v2\/users\/1"}],"replies":[{"embeddable":true,"href":"https:\/\/formalprision.com\/index.php?rest_route=%2Fwp%2Fv2%2Fcomments&post=4114"}],"version-history":[{"count":0,"href":"https:\/\/formalprision.com\/index.php?rest_route=\/wp\/v2\/posts\/4114\/revisions"}],"wp:featuredmedia":[{"embeddable":true,"href":"https:\/\/formalprision.com\/index.php?rest_route=\/wp\/v2\/media\/18336"}],"wp:attachment":[{"href":"https:\/\/formalprision.com\/index.php?rest_route=%2Fwp%2Fv2%2Fmedia&parent=4114"}],"wp:term":[{"taxonomy":"category","embeddable":true,"href":"https:\/\/formalprision.com\/index.php?rest_route=%2Fwp%2Fv2%2Fcategories&post=4114"},{"taxonomy":"post_tag","embeddable":true,"href":"https:\/\/formalprision.com\/index.php?rest_route=%2Fwp%2Fv2%2Ftags&post=4114"}],"curies":[{"name":"wp","href":"https:\/\/api.w.org\/{rel}","templated":true}]}}