{"id":41161,"date":"2016-03-11T22:55:01","date_gmt":"2016-03-12T03:55:01","guid":{"rendered":"http:\/\/formalprision.com\/?p=41161"},"modified":"2016-03-11T22:55:01","modified_gmt":"2016-03-12T03:55:01","slug":"entregan-comedor-en-la-primaria-felipe-carrillo-puerto","status":"publish","type":"post","link":"https:\/\/formalprision.com\/?p=41161","title":{"rendered":"Entregan comedor en la primaria &#8216;Felipe Carrillo Puerto&#8217;"},"content":{"rendered":"<p>El alcalde Mauricio Vila Dosal inaugur\u00f3 un comedor escolar en la Primaria \u201cFelipe Carrillo Puerto\u201d, de la colonia Cecilio Chi, que es el cuarto que se entrega en lo que va de esta gesti\u00f3n.<\/p>\n<p>Ante cientos de ni\u00f1os beneficiados, maestros y padres de familia, Vila Dosal destac\u00f3 que la mayor satisfacci\u00f3n que puede tener un servidor p\u00fablico es hacer obras que perduren y que trasciendan para la posteridad.<\/p>\n<p>-Esta obra est\u00e1 beneficiando a 351 ni\u00f1os, pero cada a\u00f1o ser\u00e1 el mismo n\u00famero de peque\u00f1os que podr\u00e1n disfrutar de estas instalaciones. Ustedes ni\u00f1os est\u00e1n haciendo historia en esta escuela y estoy seguro que el d\u00eda de ma\u00f1ana, si llegan a traer a sus hijos les van a decir: yo me acuerdo cuando inauguramos ese comedor porque yo lo estren\u00e9- coment\u00f3.<\/p>\n<p>La directora del plantel, ubicado en la calle 63 n\u00famero 127 x 80 de la colonia Cecilio Chi, Martha C\u00e1mara Navarro, expres\u00f3 el agradecimiento de todo el cuerpo docente y administrativo, as\u00ed como de los padres de familia y los ni\u00f1os por atender su solicitud, que no solo es un comedor ya que el espacio tambi\u00e9n ser\u00e1 utilizado como \u00e1rea de usos m\u00faltiples.<\/p>\n<p>-Hoy podemos afirmar que \u00e9ste es uno de los recursos m\u00e1s atinados que tenemos en nuestra escuela; la sonrisa que tenemos hoy, cr\u00e9ame, que llega hasta nuestras orejas- exclam\u00f3 la profesora.<\/p>\n<p>La mentora expuso que m\u00e1s all\u00e1 de cualquier inversi\u00f3n, hoy aplauden el enorme beneficio que genera esta obra, ya que son 351 ni\u00f1os beneficiados mediante un espacio digno para cada uno de ellos.<\/p>\n<p>-Este comedor no solo es un lugar para mesas, tambi\u00e9n tenemos la cocina, los ba\u00f1os y todo esto hace en su conjunto que tambi\u00e9n sea aprovechado como un espacio de usos m\u00faltiples haciendo que el beneficio sea mayor, como mencion\u00f3 alcalde -manifest\u00f3.<\/p>\n<p>Acompa\u00f1ado de la directora de Desarrollo Social, Cecilia Patr\u00f3n Laviada, Vila Dosal, indic\u00f3 que esta obra se realiz\u00f3 con una inversi\u00f3n de $1.165,041.93 provenientes de recursos del Ramo 33, y aunque el sector Educaci\u00f3n no es competencia del Ayuntamiento, pues compete a los gobiernos estatal y federal, como Ayuntamiento se tiene que responder a las necesidades que existen en las escuelas y por ello extraordinariamente se invierte en estas obras.<\/p>\n<p>A seis meses \u00a0ya se entregaron otros comedores similares, como el de las colonias Roble Agr\u00edcola, Emiliano Zapata Sur, Dzoyaxch\u00e9 y ahora, el de Cecilio Ch\u00ed, en la Escuela \u201cFelipe Carrillo Puerto\u201d.<\/p>\n<p>El alcalde se\u00f1al\u00f3 que estos comedores se hicieron considerando la accesibilidad universal, lo que significa que ning\u00fan meridano se queda al margen de oportunidades. La obra cuenta con rampas para que cualquier ni\u00f1o con discapacidad pueda accesar al comedor.<\/p>\n<p>Al concluir el acto protocolario, el primer edil, as\u00ed como regidores y directores presentes, se encargaron de servir a los ni\u00f1os el plato del d\u00eda que consisti\u00f3 en pan de caz\u00f3n acompa\u00f1ado de una colaci\u00f3n de porci\u00f3n de sand\u00eda y su bebida de agua de lim\u00f3n.<\/p>\n<p>&#8211; Me siento muy contenta por este comedor, est\u00e1 muy bonito, gracias al alcalde ahora vamos a comer ac\u00e1- mencion\u00f3 la peque\u00f1a Mar\u00eda Jos\u00e9 Estrella Pool, de cuarto a\u00f1o.<\/p>\n<p>El director de Obras P\u00fablicas, Virgilio Crespo M\u00e9ndez explic\u00f3 los detalles t\u00e9cnicos de la obra: el \u00e1rea de construcci\u00f3n del comedor es de 85.66 m2; la cocina mide 41.56 m2; ba\u00f1os y pasillos de servicio son de 34.84 m2; y el acceso al comedor es de 18.90 m2.<\/p>\n<p>En la parte exterior se coloc\u00f3 39.18 m2 de piso de concreto.<\/p>\n<p>De igual manera, se realiz\u00f3 el mejoramiento sanitario de esta misma escuela.<\/p>\n","protected":false},"excerpt":{"rendered":"<p>El alcalde Mauricio Vila Dosal inaugur\u00f3 un comedor escolar en la Primaria \u201cFelipe Carrillo Puerto\u201d, de la colonia Cecilio Chi, que es el cuarto que se entrega en lo que<\/p>\n","protected":false},"author":1,"featured_media":41163,"comment_status":"open","ping_status":"open","sticky":false,"template":"","format":"standard","meta":{"jetpack_post_was_ever_published":false,"_jetpack_newsletter_access":"","_jetpack_dont_email_post_to_subs":false,"_jetpack_newsletter_tier_id":0,"_jetpack_memberships_contains_paywalled_content":false,"_jetpack_memberships_contains_paid_content":false,"footnotes":"","jetpack_publicize_message":"","jetpack_publicize_feature_enabled":true,"jetpack_social_post_already_shared":true,"jetpack_social_options":{"image_generator_settings":{"template":"highway","default_image_id":0,"font":"","enabled":false},"version":2}},"categories":[14],"tags":[],"class_list":["post-41161","post","type-post","status-publish","format-standard","has-post-thumbnail","hentry","category-merida"],"jetpack_publicize_connections":[],"jetpack_featured_media_url":"https:\/\/formalprision.com\/wp-content\/uploads\/2016\/03\/comedor-02.jpg","jetpack_sharing_enabled":true,"jetpack_shortlink":"https:\/\/wp.me\/p6id8p-aHT","_links":{"self":[{"href":"https:\/\/formalprision.com\/index.php?rest_route=\/wp\/v2\/posts\/41161","targetHints":{"allow":["GET"]}}],"collection":[{"href":"https:\/\/formalprision.com\/index.php?rest_route=\/wp\/v2\/posts"}],"about":[{"href":"https:\/\/formalprision.com\/index.php?rest_route=\/wp\/v2\/types\/post"}],"author":[{"embeddable":true,"href":"https:\/\/formalprision.com\/index.php?rest_route=\/wp\/v2\/users\/1"}],"replies":[{"embeddable":true,"href":"https:\/\/formalprision.com\/index.php?rest_route=%2Fwp%2Fv2%2Fcomments&post=41161"}],"version-history":[{"count":0,"href":"https:\/\/formalprision.com\/index.php?rest_route=\/wp\/v2\/posts\/41161\/revisions"}],"wp:featuredmedia":[{"embeddable":true,"href":"https:\/\/formalprision.com\/index.php?rest_route=\/wp\/v2\/media\/41163"}],"wp:attachment":[{"href":"https:\/\/formalprision.com\/index.php?rest_route=%2Fwp%2Fv2%2Fmedia&parent=41161"}],"wp:term":[{"taxonomy":"category","embeddable":true,"href":"https:\/\/formalprision.com\/index.php?rest_route=%2Fwp%2Fv2%2Fcategories&post=41161"},{"taxonomy":"post_tag","embeddable":true,"href":"https:\/\/formalprision.com\/index.php?rest_route=%2Fwp%2Fv2%2Ftags&post=41161"}],"curies":[{"name":"wp","href":"https:\/\/api.w.org\/{rel}","templated":true}]}}