{"id":41165,"date":"2016-03-11T23:01:06","date_gmt":"2016-03-12T04:01:06","guid":{"rendered":"http:\/\/formalprision.com\/?p=41165"},"modified":"2016-03-11T23:01:06","modified_gmt":"2016-03-12T04:01:06","slug":"el-estado-de-mexico-brillara-en-la-filey-2016","status":"publish","type":"post","link":"https:\/\/formalprision.com\/?p=41165","title":{"rendered":"El Estado de M\u00e9xico brillar\u00e1 en la Filey 2016"},"content":{"rendered":"<p>El Estado de M\u00e9xico participar\u00e1 como invitado de honor en la quinta edici\u00f3n de la Feria Internacional de la Lectura Yucat\u00e1n 2016, que se realizar\u00e1 en esta ciudad, donde se desarrollar\u00e1n m\u00e1s de 200 actividades del 12 al 20 de marzo pr\u00f3ximo.<\/p>\n<p>De esas actividades, 63 estar\u00e1n centradas en la divulgaci\u00f3n de publicaciones del Fondo Editorial del Estado de M\u00e9xico (FOEM), el Ayuntamiento de Toluca, El Colegio Mexiquense, la Universidad Aut\u00f3noma del Estado de M\u00e9xico, entre otras instituciones mexiquenses.<\/p>\n<p>En un comunicado, el secretario t\u00e9cnico del Consejo Editorial de la Administraci\u00f3n P\u00fablica Estatal, Ismael Ord\u00f3\u00f1ez Mancilla, detall\u00f3 que esta feria ser\u00e1 un foro ideal para mostrar la producci\u00f3n editorial mexiquense.<\/p>\n<p>A la par de exponer los atractivos naturales y culturales de la entidad, as\u00ed como algunas de las expresiones art\u00edsticas y artesanales que forman parte de la identidad mexiquense.<\/p>\n<p>\u00abPara el Gobierno del Estado de M\u00e9xico, promover el h\u00e1bito de la lectura es dotar a la poblaci\u00f3n de una herramienta b\u00e1sica para la adquisici\u00f3n del conocimiento, el ejercicio de las facultades y el goce de las m\u00e1s altas manifestaciones de la creaci\u00f3n literaria\u00bb, precis\u00f3.<\/p>\n<p>En esta ocasi\u00f3n, en su calidad de invitado de honor, el Estado de M\u00e9xico montar\u00e1 un pabell\u00f3n de 600 metros cuadrados, ambientado con una r\u00e9plica del Cosmovitral, que es una obra que existe en Toluca\u00bb, mencion\u00f3.<\/p>\n<p>Adicionalmente, dijo, el pabell\u00f3n mexiquense estar\u00e1 ambientado con algunas reproducciones de obras que forman parte del acervo muse\u00edstico de la entidad, se proyectar\u00e1n videos de los diversos atractivos tur\u00edsticos y piezas artesanales.<\/p>\n<p>En el \u00e1rea de exposiciones se encontrar\u00e1n m\u00e1s de mil t\u00edtulos publicados por instituciones mexiquenses, como la Secretar\u00eda de Cultura, El Colegio Mexiquense, la UAEM, el Instituto de Administraci\u00f3n P\u00fablica, el FOEM y el Ayuntamiento de Toluca.<\/p>\n<p>Entre las publicaciones que se presentar\u00e1n en este encuentro literario destacan: \u00abEl Guardi\u00e1n del Valle, hacia la sustentabilidad del Nevado de Toluca\u00bb, coordinado por el ex gobernador mexiquense, Ignacio Pichardo Pagaza.<\/p>\n<p>As\u00ed como las obras ganadoras del certamen estatal de literatura \u00abSor Juana In\u00e9s de la Cruz 2014\u00bb, en los g\u00e9neros novela, cuento, dramaturgia, poes\u00eda y ensayo, \u00abSaint John Perse. El mar y el hombre\u00bb del yucateco Ra\u00fal C\u00e1ceres Carenzo, \u00abEl Yucat\u00e1n de Zavala: sus primeros a\u00f1os, A 100 a\u00f1os de la instalaci\u00f3n del Congreso Constituyente de 1916\u00bb de V\u00edctor Humberto Ben\u00edtez Trevi\u00f1o, entre otros t\u00edtulos.<\/p>\n<p>De igual forma, habr\u00e1 exhibici\u00f3n y venta de novedades editoriales, como: \u00abEl rebozo en el Estado de M\u00e9xico\u00bb de Gustavo G. Vel\u00e1zquez y Rosaluz Vel\u00e1zquez, \u00abIdentificaci\u00f3n, Estudio y Descripci\u00f3n de Encuadernaciones Art\u00edsticas\u00bb de Antonio Carpallo Bautista.<\/p>\n<p>As\u00ed como \u00abPinturitas\u00bb de Guillermo Marcelino Ferreyro Lamela, \u00abLas part\u00edculas de dios\u00bb de Luis Ayhll\u00f3n Flores, \u00abEl edificio fantasma\u00bb de Luis Moreno Villamediana, \u00abManda Fuego\u00bb de Alberto Chimal, \u00abLapid\u00e1rio. Antolog\u00eda del afor\u00edsmo mexicano\u00bb de Iram Barrios, \u00abCosmovitral. El hombre y su relaci\u00f3n con el Universo\u00bb de Sandro Landucci Lerdo de Tejada y Roxana Villalobos Waisbord, entre otros.<\/p>\n<p>Este evento literario, el m\u00e1s importante de la regi\u00f3n suroeste del pa\u00eds, la Secretar\u00eda de Cultura estatal, en coordinaci\u00f3n con el Instituto Mexiquense de la Pirotecnia y la UAEM, tendr\u00e1n a su cargo un espect\u00e1culo piro-musical y otras 62 actividades.<\/p>\n<p>As\u00ed como 38 presentaciones de libros, cinco conferencias magistrales, 12 presentaciones art\u00edsticas, cuatro talleres, dos proyecciones cinematogr\u00e1ficas y una muestra gastron\u00f3mica. Adem\u00e1s, el Fondo Editorial del Estado de M\u00e9xico dotar\u00e1 con tres fondos editoriales a instituciones acad\u00e9micas de Yucat\u00e1n.<\/p>\n","protected":false},"excerpt":{"rendered":"<p>El Estado de M\u00e9xico participar\u00e1 como invitado de honor en la quinta edici\u00f3n de la Feria Internacional de la Lectura Yucat\u00e1n 2016, que se realizar\u00e1 en esta ciudad, donde se<\/p>\n","protected":false},"author":1,"featured_media":41167,"comment_status":"open","ping_status":"open","sticky":false,"template":"","format":"standard","meta":{"jetpack_post_was_ever_published":false,"_jetpack_newsletter_access":"","_jetpack_dont_email_post_to_subs":false,"_jetpack_newsletter_tier_id":0,"_jetpack_memberships_contains_paywalled_content":false,"_jetpack_memberships_contains_paid_content":false,"footnotes":"","jetpack_publicize_message":"","jetpack_publicize_feature_enabled":true,"jetpack_social_post_already_shared":true,"jetpack_social_options":{"image_generator_settings":{"template":"highway","default_image_id":0,"font":"","enabled":false},"version":2}},"categories":[14],"tags":[],"class_list":["post-41165","post","type-post","status-publish","format-standard","has-post-thumbnail","hentry","category-merida"],"jetpack_publicize_connections":[],"jetpack_featured_media_url":"https:\/\/formalprision.com\/wp-content\/uploads\/2016\/03\/41115045.jpg","jetpack_sharing_enabled":true,"jetpack_shortlink":"https:\/\/wp.me\/p6id8p-aHX","_links":{"self":[{"href":"https:\/\/formalprision.com\/index.php?rest_route=\/wp\/v2\/posts\/41165","targetHints":{"allow":["GET"]}}],"collection":[{"href":"https:\/\/formalprision.com\/index.php?rest_route=\/wp\/v2\/posts"}],"about":[{"href":"https:\/\/formalprision.com\/index.php?rest_route=\/wp\/v2\/types\/post"}],"author":[{"embeddable":true,"href":"https:\/\/formalprision.com\/index.php?rest_route=\/wp\/v2\/users\/1"}],"replies":[{"embeddable":true,"href":"https:\/\/formalprision.com\/index.php?rest_route=%2Fwp%2Fv2%2Fcomments&post=41165"}],"version-history":[{"count":0,"href":"https:\/\/formalprision.com\/index.php?rest_route=\/wp\/v2\/posts\/41165\/revisions"}],"wp:featuredmedia":[{"embeddable":true,"href":"https:\/\/formalprision.com\/index.php?rest_route=\/wp\/v2\/media\/41167"}],"wp:attachment":[{"href":"https:\/\/formalprision.com\/index.php?rest_route=%2Fwp%2Fv2%2Fmedia&parent=41165"}],"wp:term":[{"taxonomy":"category","embeddable":true,"href":"https:\/\/formalprision.com\/index.php?rest_route=%2Fwp%2Fv2%2Fcategories&post=41165"},{"taxonomy":"post_tag","embeddable":true,"href":"https:\/\/formalprision.com\/index.php?rest_route=%2Fwp%2Fv2%2Ftags&post=41165"}],"curies":[{"name":"wp","href":"https:\/\/api.w.org\/{rel}","templated":true}]}}