{"id":41168,"date":"2016-03-12T00:16:24","date_gmt":"2016-03-12T05:16:24","guid":{"rendered":"http:\/\/formalprision.com\/?p=41168"},"modified":"2016-03-12T00:16:24","modified_gmt":"2016-03-12T05:16:24","slug":"rolando-zapata-inaugura-el-cendi-numero-6-en-el-norte-de-la-ciudad","status":"publish","type":"post","link":"https:\/\/formalprision.com\/?p=41168","title":{"rendered":"Rolando Zapata inaugura el Cendi n\u00famero 6 en el norte de la ciudad."},"content":{"rendered":"<p>M\u00e9rida, 11 de marzo de 2016.- Ni\u00f1os yucatecos de entre cero y cinco a\u00f1os de edad recibir\u00e1n estimulaci\u00f3n pedag\u00f3gica para desplegar al m\u00e1ximo sus capacidades durante la primera infancia y tendr\u00e1n garantizado el acceso a la educaci\u00f3n preescolar, tras el establecimiento de una agenda conjunta entre instituciones estatales y federales que prestan estos servicios en la entidad.<\/p>\n<p>El Gobernador Rolando Zapata Bello atestigu\u00f3 la firma del convenio por la Educaci\u00f3n de la Primera Infancia con dicho prop\u00f3sito,\u00a0 realizada en el marco de la inauguraci\u00f3n del nuevo Centro de Desarrollo Infantil (Cendi) n\u00famero 6 \u201cConsuelo Zavala Castillo\u201d, ubicado en el fraccionamiento Francisco de Montejo de esta capital, y en el que se erogaron recursos cercanos a los 12 millones de pesos.<\/p>\n<p>Acompa\u00f1ado de la Presidenta del DIF Yucat\u00e1n, Sarita Blancarte de Zapata, el titular del Poder Ejecutivo destac\u00f3 la importancia de crear espacios de este tipo en zonas de alta densidad de madres trabajadoras, pues las familias pueden tener la confianza de que sus hijos est\u00e1n debidamente atendidos desde temprana edad.<\/p>\n<p>Sabemos perfectamente que la articulaci\u00f3n de esfuerzos entre las instituciones federales y estatales que brindan este servicio de educaci\u00f3n de primera infancia, es fundamental; de esa manera podemos ampliar la cobertura pero, sobre todo, podemos garantizar la calidad en el servicio que se presta en las diferentes instituciones, a\u00f1adi\u00f3 al hacer referencia al acuerdo signado esta tarde.<\/p>\n<p>En \u00e9l participan los Institutos de Seguridad Social de los Trabajadores del Estado de Yucat\u00e1n (Isstey), Mexicano del Seguro Social (IMSS), y de Seguridad y Servicios Sociales de los Trabajadores del Estado (Issste), el Sistema para el Desarrollo Integral de la Familia (DIF), las Secretar\u00edas de Seguridad P\u00fablica (SSP) y de Desarrollo Social (Sedesol), as\u00ed como el Consejo Nacional de Fomento Educativo (Conafe).<\/p>\n<p>Al informar que con la puesta en marcha del nuevo recinto se da cumplimiento al compromiso n\u00famero 122 del mandatario, el titular de la Secretar\u00eda de Educaci\u00f3n del Gobierno del Estado (Segey), V\u00edctor Caballero Dur\u00e1n, explic\u00f3 que la primera infancia es la edad fundamental para el desarrollo de cualquier individuo, por lo que si comienza su vida con niveles adecuados de estimulaci\u00f3n, tendr\u00e1 mayores posibilidades en el futuro.<\/p>\n<p>\u00abCuanto m\u00e1s enriquecedor sea el ambiente en el que un ni\u00f1o se desenvuelve, m\u00e1s conexiones positivas se establecer\u00e1n en su cerebro y por supuesto ser\u00e1 un individuo que contar\u00e1 con mejores habilidades f\u00edsicas y sociales, as\u00ed como mejor capacidad de expresarse, razonar y adquirir conocimientos\u00bb, enfatiz\u00f3 ante la directora del nuevo Cendi, Cristina Moreno Cervera.<\/p>\n<p>Tras la develaci\u00f3n del busto de la profesora Consuelo Zavala Castillo, precursora de la formaci\u00f3n inicial en el entidad que da nombre al Centro, se expuso que ya suman 10 \u00a0los planteles de este tipo que pertenecen a la Segey y 51 que llevan el nombre de alguna de las mujeres participantes en el Primer Congreso Feminista de M\u00e9xico.<\/p>\n<p>El Cendi inaugurado tiene la capacidad para atender a 112 ni\u00f1os, distribuidos en seis grupos: de 45 d\u00edas de nacido a seis meses, de siete a 12 meses, de 13 a 18 meses, de 19 a 24 meses, de 25 a 31 meses, y de 32 a 48 meses.<\/p>\n<p>&nbsp;<\/p>\n","protected":false},"excerpt":{"rendered":"<p>M\u00e9rida, 11 de marzo de 2016.- Ni\u00f1os yucatecos de entre cero y cinco a\u00f1os de edad recibir\u00e1n estimulaci\u00f3n pedag\u00f3gica para desplegar al m\u00e1ximo sus capacidades durante la primera infancia y<\/p>\n","protected":false},"author":1,"featured_media":41169,"comment_status":"open","ping_status":"open","sticky":false,"template":"","format":"standard","meta":{"jetpack_post_was_ever_published":false,"_jetpack_newsletter_access":"","_jetpack_dont_email_post_to_subs":false,"_jetpack_newsletter_tier_id":0,"_jetpack_memberships_contains_paywalled_content":false,"_jetpack_memberships_contains_paid_content":false,"footnotes":"","jetpack_publicize_message":"","jetpack_publicize_feature_enabled":true,"jetpack_social_post_already_shared":true,"jetpack_social_options":{"image_generator_settings":{"template":"highway","default_image_id":0,"font":"","enabled":false},"version":2}},"categories":[17],"tags":[],"class_list":["post-41168","post","type-post","status-publish","format-standard","has-post-thumbnail","hentry","category-politica-y-gobierno"],"jetpack_publicize_connections":[],"jetpack_featured_media_url":"https:\/\/formalprision.com\/wp-content\/uploads\/2016\/03\/4T2A8262-e1457759736378.jpg","jetpack_sharing_enabled":true,"jetpack_shortlink":"https:\/\/wp.me\/p6id8p-aI0","_links":{"self":[{"href":"https:\/\/formalprision.com\/index.php?rest_route=\/wp\/v2\/posts\/41168","targetHints":{"allow":["GET"]}}],"collection":[{"href":"https:\/\/formalprision.com\/index.php?rest_route=\/wp\/v2\/posts"}],"about":[{"href":"https:\/\/formalprision.com\/index.php?rest_route=\/wp\/v2\/types\/post"}],"author":[{"embeddable":true,"href":"https:\/\/formalprision.com\/index.php?rest_route=\/wp\/v2\/users\/1"}],"replies":[{"embeddable":true,"href":"https:\/\/formalprision.com\/index.php?rest_route=%2Fwp%2Fv2%2Fcomments&post=41168"}],"version-history":[{"count":0,"href":"https:\/\/formalprision.com\/index.php?rest_route=\/wp\/v2\/posts\/41168\/revisions"}],"wp:featuredmedia":[{"embeddable":true,"href":"https:\/\/formalprision.com\/index.php?rest_route=\/wp\/v2\/media\/41169"}],"wp:attachment":[{"href":"https:\/\/formalprision.com\/index.php?rest_route=%2Fwp%2Fv2%2Fmedia&parent=41168"}],"wp:term":[{"taxonomy":"category","embeddable":true,"href":"https:\/\/formalprision.com\/index.php?rest_route=%2Fwp%2Fv2%2Fcategories&post=41168"},{"taxonomy":"post_tag","embeddable":true,"href":"https:\/\/formalprision.com\/index.php?rest_route=%2Fwp%2Fv2%2Ftags&post=41168"}],"curies":[{"name":"wp","href":"https:\/\/api.w.org\/{rel}","templated":true}]}}