{"id":4117,"date":"2013-12-19T08:16:00","date_gmt":"2013-12-19T08:16:00","guid":{"rendered":"http:\/\/formalprision.info\/2013\/12\/19\/presentan-el-libro-la-catedral-de\/"},"modified":"2015-06-03T08:41:32","modified_gmt":"2015-06-03T08:41:32","slug":"presentan-el-libro-la-catedral-de","status":"publish","type":"post","link":"https:\/\/formalprision.com\/?p=4117","title":{"rendered":"Presentan el libro \u201cLa Catedral de M\u00e9rida: la gran casa de Dios en\nmedio de T&#39;h\u00f3\u201d"},"content":{"rendered":"<div style=\"font-family: Noteworthy; font-size: 18px; font-weight: bold; line-height: 24px; -webkit-tap-highlight-color: rgba(26, 26, 26, 0.296875); -webkit-composition-fill-color: rgba(130, 98, 83, 0.0976563); -webkit-composition-frame-color: rgba(191, 107, 82, 0.496094); \">\n<div>M\u00e9rida, Yucat\u00e1n, 18 de diciembre de 2013.- El Gobernador Rolando Zapata&nbsp;Bello asisti\u00f3 a la presentaci\u00f3n del libro \u201cLa Catedral de M\u00e9rida: la gran&nbsp;casa de Dios en medio de T&#8217;h\u00f3\u201d, obra de prosa \u00e1gil e ilustrada que presenta,&nbsp;en m\u00e1s de 300 p\u00e1ginas, la historia de este edificio desde el inicio de su&nbsp;construcci\u00f3n en el siglo XVI hasta la actualidad.<\/div>\n<div>El libro fue escrito por el historiador Miguel Am\u00e9rico Bretos y su&nbsp;presentaci\u00f3n estuvo a cargo del presb\u00edtero Jos\u00e9 L\u00f3pez Rivera Cuesy y el&nbsp;arquitecto Pablo Chico Ponce de Le\u00f3n, quienes se\u00f1alaron que es un referente&nbsp;obligado de consulta, ya que cuenta con relevantes aportaciones y hechos&nbsp;hist\u00f3ricos, as\u00ed como informaci\u00f3n sobre las caracter\u00edsticas arquitect\u00f3nicas&nbsp;de la Catedral.<\/div>\n<div>Ante el autor y la presidenta estatal del Sistema para el Desarrollo&nbsp;Integral de la Familia (DIF), Sarita Blancarte de Zapata, el arzobispo de&nbsp;Yucat\u00e1n, monse\u00f1or Emilio Carlos Berlie Belaunzar\u00e1n, destac\u00f3 la calidad de la&nbsp;edici\u00f3n, aspecto que dijo, la llevar\u00e1 a formar parte del patrimonio cultural&nbsp;del estado.<\/div>\n<div>El evento, que se realiz\u00f3 en dicha sede religiosa, cont\u00f3 con la asistencia&nbsp;de los presidentes de la Junta de Gobierno y Coordinaci\u00f3n Pol\u00edtica del&nbsp;Congreso local, Luis Hevia Jim\u00e9nez y del Tribunal Superior de Justicia del&nbsp;Estado, Marcos Celis Quintal; y el subsecretario de Desarrollo Social y&nbsp;Asuntos Religiosos, Daniel Granja Peniche.<\/p>\n<div class=\"separator\" style=\"clear: both;\"><a href=\"https:\/\/lh5.googleusercontent.com\/-kKiGvjobimc\/UrKrPhEMOFI\/AAAAAAAAdVA\/zqoncbVjcPQ\/s640\/blogger-image-2079916755.jpg\" imageanchor=\"1\" style=\"margin-left: 1em; margin-right: 1em;\"><img decoding=\"async\" border=\"0\" src=\"https:\/\/lh5.googleusercontent.com\/-kKiGvjobimc\/UrKrPhEMOFI\/AAAAAAAAdVA\/zqoncbVjcPQ\/s640\/blogger-image-2079916755.jpg\"><\/a><\/div>\n<\/div>\n<div><\/div>\n<\/div>\n<div style=\"font-family: Noteworthy; font-size: 18px; font-weight: bold; line-height: 24px; -webkit-tap-highlight-color: rgba(26, 26, 26, 0.296875); -webkit-composition-fill-color: rgba(130, 98, 83, 0.0976563); -webkit-composition-frame-color: rgba(191, 107, 82, 0.496094); \"><\/div>\n","protected":false},"excerpt":{"rendered":"<p>M\u00e9rida, Yucat\u00e1n, 18 de diciembre de 2013.- El Gobernador Rolando Zapata&nbsp;Bello asisti\u00f3 a la presentaci\u00f3n del libro \u201cLa Catedral de M\u00e9rida: la gran&nbsp;casa de Dios en medio de T&#8217;h\u00f3\u201d, obra<\/p>\n","protected":false},"author":1,"featured_media":18343,"comment_status":"open","ping_status":"open","sticky":false,"template":"","format":"standard","meta":{"jetpack_post_was_ever_published":false,"_jetpack_newsletter_access":"","_jetpack_dont_email_post_to_subs":false,"_jetpack_newsletter_tier_id":0,"_jetpack_memberships_contains_paywalled_content":false,"_jetpack_memberships_contains_paid_content":false,"footnotes":"","jetpack_publicize_message":"","jetpack_publicize_feature_enabled":true,"jetpack_social_post_already_shared":false,"jetpack_social_options":{"image_generator_settings":{"template":"highway","default_image_id":0,"font":"","enabled":false},"version":2}},"categories":[17,1],"tags":[],"class_list":["post-4117","post","type-post","status-publish","format-standard","has-post-thumbnail","hentry","category-politica-y-gobierno","category-sin-categoria"],"jetpack_publicize_connections":[],"jetpack_featured_media_url":"https:\/\/formalprision.com\/wp-content\/uploads\/2013\/12\/blogger-image-2079916755.jpg","jetpack_sharing_enabled":true,"jetpack_shortlink":"https:\/\/wp.me\/p6id8p-14p","_links":{"self":[{"href":"https:\/\/formalprision.com\/index.php?rest_route=\/wp\/v2\/posts\/4117","targetHints":{"allow":["GET"]}}],"collection":[{"href":"https:\/\/formalprision.com\/index.php?rest_route=\/wp\/v2\/posts"}],"about":[{"href":"https:\/\/formalprision.com\/index.php?rest_route=\/wp\/v2\/types\/post"}],"author":[{"embeddable":true,"href":"https:\/\/formalprision.com\/index.php?rest_route=\/wp\/v2\/users\/1"}],"replies":[{"embeddable":true,"href":"https:\/\/formalprision.com\/index.php?rest_route=%2Fwp%2Fv2%2Fcomments&post=4117"}],"version-history":[{"count":0,"href":"https:\/\/formalprision.com\/index.php?rest_route=\/wp\/v2\/posts\/4117\/revisions"}],"wp:featuredmedia":[{"embeddable":true,"href":"https:\/\/formalprision.com\/index.php?rest_route=\/wp\/v2\/media\/18343"}],"wp:attachment":[{"href":"https:\/\/formalprision.com\/index.php?rest_route=%2Fwp%2Fv2%2Fmedia&parent=4117"}],"wp:term":[{"taxonomy":"category","embeddable":true,"href":"https:\/\/formalprision.com\/index.php?rest_route=%2Fwp%2Fv2%2Fcategories&post=4117"},{"taxonomy":"post_tag","embeddable":true,"href":"https:\/\/formalprision.com\/index.php?rest_route=%2Fwp%2Fv2%2Ftags&post=4117"}],"curies":[{"name":"wp","href":"https:\/\/api.w.org\/{rel}","templated":true}]}}