{"id":41208,"date":"2016-03-12T17:37:12","date_gmt":"2016-03-12T22:37:12","guid":{"rendered":"http:\/\/formalprision.com\/?p=41208"},"modified":"2016-03-12T17:37:12","modified_gmt":"2016-03-12T22:37:12","slug":"inicia-fiesta-literaria-en-yucatan","status":"publish","type":"post","link":"https:\/\/formalprision.com\/?p=41208","title":{"rendered":"Inicia fiesta literaria en Yucat\u00e1n"},"content":{"rendered":"<p>Con un homenaje al escritor Juan Villoro Ruiz, arranc\u00f3 la quinta edici\u00f3n de la Feria Internacional de la Lectura Yucat\u00e1n (Filey), m\u00e1ximo escaparate literario del sureste del pa\u00eds que en esta ocasi\u00f3n supera las 400 editoriales y re\u00fane a m\u00e1s de 150 autores.<\/p>\n<p>En el Centro de Convenciones Yucat\u00e1n Siglo XXI, el Gobernador Rolando Zapata Bello entreg\u00f3 a dicho escritor el Premio Excelencia en las Letras \u201cJos\u00e9 Emilio Pacheco\u201d por su destacada trayectoria literaria y adem\u00e1s encabez\u00f3 la apertura del encuentro, que a lo largo de 10 d\u00edas registra m\u00e1s de 800 eventos, entre presentaciones de libros y musicales, as\u00ed como conferencias, talleres y exposiciones pict\u00f3ricas.<\/p>\n<p>Al dirigir un mensaje, el titular del Poder Ejecutivo destac\u00f3 que la Filey se ha ganado un lugar importante en todo M\u00e9xico y fuera de sus fronteras, por lo que reconoci\u00f3 el papel fundamental de la Universidad Aut\u00f3noma de Yucat\u00e1n (UADY) por darle continuidad y convertirla en un evento embajador del estado.<\/p>\n<p>\u201cPodemos comprobar que la Filey ha hecho un trabajo serio, profesional y visionario, como debe ser de las obras que perduran y para asegurar que esta obra perdure, habremos de seguir sumando, de seguir innovando en cada edici\u00f3n para que el fomento de la lectura nos arroje los resultados que necesitamos\u201d, apunt\u00f3 el mandatario ante Eduardo Gasca Pliego, secretario de Cultura del Estado de M\u00e9xico, entidad invitada en la actual edici\u00f3n.<\/p>\n<p>Acompa\u00f1ado del presidente de la Filey, Rafael Morcillo L\u00f3pez, Zapata Bello felicit\u00f3 a Juan Villoro y coment\u00f3 que es un escritor que con su inteligencia y sin vanidad, aclara y profundiza la realidad desde la cr\u00f3nica, periodismo, novela, ensayo o una pl\u00e1tica futbolera.<\/p>\n<p>Por su parte, el galardonado, tras recibir dicho Premio que tambi\u00e9n ha condecorado a Jos\u00e9 Emilio Pacheco, Elena Poniatowska y Fernando del Paso, record\u00f3 momentos de su infancia en tierras yucatecas a lado de su abuela y su madre, adem\u00e1s de asegurar que la Filey tiene el tino de centrarse en la lectura y no solo como un dep\u00f3sito de libros.<\/p>\n<p>El autor record\u00f3 las aportaciones del escritor yucateco Juan Garc\u00eda Ponce y de la civilizaci\u00f3n maya como la zona arqueol\u00f3gica de Chich\u00e9n Itz\u00e1. Asimismo, coment\u00f3 que el est\u00edmulo econ\u00f3mico que recibi\u00f3 con el reconocimiento lo donar\u00e1 a comunidades chiapanecas para fortalecer la salud y la educaci\u00f3n.<\/p>\n<p>La lectura de su semblanza estuvo a cargo Jorge F. Hern\u00e1ndez, quien de una manera creativa rememor\u00f3 cada una de las obras de Villoro y los premios que a lo largo de su carrera ha ganado como el Xavier Villaurrutia, Antonin Artaud, Internacional de Periodismo Rey de Espa\u00f1a, e Iberoamericano de Letras, entre otros.<\/p>\n<p>Por su parte, el rector de la UADY, Jos\u00e9 de Jes\u00fas Williams, reconoci\u00f3 al equipo organizador de la Filey, as\u00ed como a los estudiantes que colaboran desde la planeaci\u00f3n, instalaci\u00f3n y realizaci\u00f3n del evento. Asimismo, agradeci\u00f3 el apoyo del Gobierno del Estado, la presencia de las casas editoriales y los patrocinadores.<\/p>\n<p>Adem\u00e1s del galardonado, Poniatowska y Del Paso, en la Feria estar\u00e1n escritores como Antonio Malpica, Agust\u00edn Monsreal, Lidia Cacho, Diego Osorno, \u00c1ngeles Mastretta, Benito Taibo y Francisco Hinojosa, entre otros. Tambi\u00e9n se llevar\u00e1 a cabo el primer Encuentro de Artistas Gr\u00e1ficos, la Reuni\u00f3n Nacional de Libreros de M\u00e9xico y el tercer Encuentro Cinematogr\u00e1fico Nacional.<\/p>\n<p>En representaci\u00f3n de Eruviel \u00c1vila Villegas, Gobernador del Estado de M\u00e9xico, Gasca Pliego anunci\u00f3 que esta entidad donar\u00e1 a Yucat\u00e1n un acervo literario con m\u00e1s de mil 500 t\u00edtulos.<\/p>\n<p>Tras la ceremonia y como en las ediciones anteriores, el Gobernador, acompa\u00f1ado de Juan Villoro, as\u00ed como de autoridades estatales, municipales, federales y acad\u00e9micas, realiz\u00f3 un recorrido por los estands instalados en el sal\u00f3n Chich\u00e9n Itz\u00e1 del Centro de Convenciones, ubicado al norte de la ciudad de M\u00e9rida.<\/p>\n","protected":false},"excerpt":{"rendered":"<p>Con un homenaje al escritor Juan Villoro Ruiz, arranc\u00f3 la quinta edici\u00f3n de la Feria Internacional de la Lectura Yucat\u00e1n (Filey), m\u00e1ximo escaparate literario del sureste del pa\u00eds que en<\/p>\n","protected":false},"author":1,"featured_media":41210,"comment_status":"open","ping_status":"open","sticky":false,"template":"","format":"standard","meta":{"jetpack_post_was_ever_published":false,"_jetpack_newsletter_access":"","_jetpack_dont_email_post_to_subs":false,"_jetpack_newsletter_tier_id":0,"_jetpack_memberships_contains_paywalled_content":false,"_jetpack_memberships_contains_paid_content":false,"footnotes":"","jetpack_publicize_message":"","jetpack_publicize_feature_enabled":true,"jetpack_social_post_already_shared":true,"jetpack_social_options":{"image_generator_settings":{"template":"highway","default_image_id":0,"font":"","enabled":false},"version":2}},"categories":[17],"tags":[],"class_list":["post-41208","post","type-post","status-publish","format-standard","has-post-thumbnail","hentry","category-politica-y-gobierno"],"jetpack_publicize_connections":[],"jetpack_featured_media_url":"https:\/\/formalprision.com\/wp-content\/uploads\/2016\/03\/9H4A0603.jpg","jetpack_sharing_enabled":true,"jetpack_shortlink":"https:\/\/wp.me\/p6id8p-aIE","_links":{"self":[{"href":"https:\/\/formalprision.com\/index.php?rest_route=\/wp\/v2\/posts\/41208","targetHints":{"allow":["GET"]}}],"collection":[{"href":"https:\/\/formalprision.com\/index.php?rest_route=\/wp\/v2\/posts"}],"about":[{"href":"https:\/\/formalprision.com\/index.php?rest_route=\/wp\/v2\/types\/post"}],"author":[{"embeddable":true,"href":"https:\/\/formalprision.com\/index.php?rest_route=\/wp\/v2\/users\/1"}],"replies":[{"embeddable":true,"href":"https:\/\/formalprision.com\/index.php?rest_route=%2Fwp%2Fv2%2Fcomments&post=41208"}],"version-history":[{"count":0,"href":"https:\/\/formalprision.com\/index.php?rest_route=\/wp\/v2\/posts\/41208\/revisions"}],"wp:featuredmedia":[{"embeddable":true,"href":"https:\/\/formalprision.com\/index.php?rest_route=\/wp\/v2\/media\/41210"}],"wp:attachment":[{"href":"https:\/\/formalprision.com\/index.php?rest_route=%2Fwp%2Fv2%2Fmedia&parent=41208"}],"wp:term":[{"taxonomy":"category","embeddable":true,"href":"https:\/\/formalprision.com\/index.php?rest_route=%2Fwp%2Fv2%2Fcategories&post=41208"},{"taxonomy":"post_tag","embeddable":true,"href":"https:\/\/formalprision.com\/index.php?rest_route=%2Fwp%2Fv2%2Ftags&post=41208"}],"curies":[{"name":"wp","href":"https:\/\/api.w.org\/{rel}","templated":true}]}}