{"id":4121,"date":"2013-12-18T23:55:00","date_gmt":"2013-12-18T23:55:00","guid":{"rendered":"http:\/\/formalprision.info\/2013\/12\/18\/machetea-al-su-vecino-porque-lo-amenazo\/"},"modified":"2015-06-03T08:41:32","modified_gmt":"2015-06-03T08:41:32","slug":"machetea-al-su-vecino-porque-lo-amenazo","status":"publish","type":"post","link":"https:\/\/formalprision.com\/?p=4121","title":{"rendered":"Ebrio machetea a su vecino"},"content":{"rendered":"<div style=\"font-family: Noteworthy; font-size: 18px; font-weight: bold; line-height: 24px; -webkit-tap-highlight-color: rgba(26, 26, 26, 0.296875); -webkit-composition-fill-color: rgba(130, 98, 83, 0.0976563); -webkit-composition-frame-color: rgba(191, 107, 82, 0.496094); \">El alba\u00f1il Jon\u00e1s Caliz Hern\u00e1ndez fue detenido por machetear &nbsp;a un vecino que lo amenaz\u00f3 con quemarlo vivo.<\/div>\n<div style=\"font-family: Noteworthy; font-size: 18px; font-weight: bold; line-height: 24px; -webkit-tap-highlight-color: rgba(26, 26, 26, 0.296875); -webkit-composition-fill-color: rgba(130, 98, 83, 0.0976563); -webkit-composition-frame-color: rgba(191, 107, 82, 0.496094); \">Esta ma\u00f1ana, el alarife ue consignado al&nbsp;&nbsp;Juzgado Primero Penal, acusado de&nbsp;portaci\u00f3n de armas e instrumentos prohibidos,&nbsp;<\/div>\n<div style=\"font-family: Noteworthy; font-size: 18px; font-weight: bold; line-height: 24px; -webkit-tap-highlight-color: rgba(26, 26, 26, 0.296875); -webkit-composition-fill-color: rgba(130, 98, 83, 0.0976563); -webkit-composition-frame-color: rgba(191, 107, 82, 0.496094); \">De acuerdo con las constancias del expediente, los hechos ocurrieron el s\u00e1bado a&nbsp;&nbsp;las 22:30 horas, cuando el denunciante, Felipe Reyes Bernal, caminaba por&nbsp;la calle 217 entre 52 y 54 de la colonia Plan de Ayala Sur III y se&nbsp;encontr\u00f3 con su vecino Jon\u00e1s, quien estaba ebrio y armado con un machete.<\/div>\n<div style=\"font-family: Noteworthy; font-size: 18px; font-weight: bold; line-height: 24px; -webkit-tap-highlight-color: rgba(26, 26, 26, 0.296875); -webkit-composition-fill-color: rgba(130, 98, 83, 0.0976563); -webkit-composition-frame-color: rgba(191, 107, 82, 0.496094); \">Jon\u00e1s record\u00f3 que tiene viejas rencillas con Felipe, por lo que se le fue encima y&nbsp;le tir\u00f3 un machetazo a su rival, &nbsp;caus\u00e1ndole una lesi\u00f3n en el brazo izquierdo.<\/div>\n<div style=\"font-family: Noteworthy; font-size: 18px; font-weight: bold; line-height: 24px; -webkit-tap-highlight-color: rgba(26, 26, 26, 0.296875); -webkit-composition-fill-color: rgba(130, 98, 83, 0.0976563); -webkit-composition-frame-color: rgba(191, 107, 82, 0.496094); \">Al percatarse de lo que hab\u00eda hecho, el alba\u00f1il sali\u00f3 corriendo y se dio a la fuga.<\/div>\n<div style=\"font-family: Noteworthy; font-size: 18px; font-weight: bold; line-height: 24px; -webkit-tap-highlight-color: rgba(26, 26, 26, 0.296875); -webkit-composition-fill-color: rgba(130, 98, 83, 0.0976563); -webkit-composition-frame-color: rgba(191, 107, 82, 0.496094); \">Sin embargo, fue detenido poco despu\u00e9s porque Felipe Reyes solicit\u00f3 ayuda a la SSP.<\/div>\n<div style=\"font-family: Noteworthy; font-size: 18px; font-weight: bold; line-height: 24px; -webkit-tap-highlight-color: rgba(26, 26, 26, 0.296875); -webkit-composition-fill-color: rgba(130, 98, 83, 0.0976563); -webkit-composition-frame-color: rgba(191, 107, 82, 0.496094); \">Hoy, al dar su testimonio, el acusado neg\u00f3 los hechos y&nbsp;dijo ser inocente.<\/div>\n<div style=\"font-family: Noteworthy; font-size: 18px; font-weight: bold; line-height: 24px; -webkit-tap-highlight-color: rgba(26, 26, 26, 0.296875); -webkit-composition-fill-color: rgba(130, 98, 83, 0.0976563); -webkit-composition-frame-color: rgba(191, 107, 82, 0.496094); \">Explic\u00f3 que estaba limpiando las hierbas de la banqueta de su casa&nbsp;y lleg\u00f3 su vecino,<\/div>\n<div style=\"font-family: Noteworthy; font-size: 18px; font-weight: bold; line-height: 24px; -webkit-tap-highlight-color: rgba(26, 26, 26, 0.296875); -webkit-composition-fill-color: rgba(130, 98, 83, 0.0976563); -webkit-composition-frame-color: rgba(191, 107, 82, 0.496094); \">Entonces decidi\u00f3 reclamarle que anteriormente hubiera dicho que lo iba a quemar vivo, &nbsp;y como su vecino le sostuvo la amenaza, se liaron a golpes, pero antes Felipe se cort\u00f3 con el machete que \u00e9l llevaba agarrado, insistiendo en que no lo atac\u00f3<\/div>\n<div style=\"font-family: Noteworthy; font-size: 18px; font-weight: bold; line-height: 24px; -webkit-tap-highlight-color: rgba(26, 26, 26, 0.296875); -webkit-composition-fill-color: rgba(130, 98, 83, 0.0976563); -webkit-composition-frame-color: rgba(191, 107, 82, 0.496094); \">\u00abforcejeamos cuando le reclam\u00e9 y me amenazo &nbsp;con que me iba a Rociar&nbsp;gasolina para quemarme vivo\u00bb &#8211; reiter\u00f3 Jon\u00e0s ante el juez.<\/p>\n<div class=\"separator\" style=\"clear: both;\"><a href=\"https:\/\/lh3.googleusercontent.com\/-6YbfrtKhMWQ\/UrI1982R6ZI\/AAAAAAAAdUI\/EatotpsHOEA\/s640\/blogger-image--450920226.jpg\" imageanchor=\"1\" style=\"margin-left: 1em; margin-right: 1em;\"><img decoding=\"async\" border=\"0\" src=\"https:\/\/lh3.googleusercontent.com\/-6YbfrtKhMWQ\/UrI1982R6ZI\/AAAAAAAAdUI\/EatotpsHOEA\/s640\/blogger-image--450920226.jpg\"><\/a><\/div>\n<\/div>\n","protected":false},"excerpt":{"rendered":"<p>El alba\u00f1il Jon\u00e1s Caliz Hern\u00e1ndez fue detenido por machetear &nbsp;a un vecino que lo amenaz\u00f3 con quemarlo vivo. Esta ma\u00f1ana, el alarife ue consignado al&nbsp;&nbsp;Juzgado Primero Penal, acusado de&nbsp;portaci\u00f3n de<\/p>\n","protected":false},"author":1,"featured_media":18351,"comment_status":"open","ping_status":"open","sticky":false,"template":"","format":"standard","meta":{"jetpack_post_was_ever_published":false,"_jetpack_newsletter_access":"","_jetpack_dont_email_post_to_subs":false,"_jetpack_newsletter_tier_id":0,"_jetpack_memberships_contains_paywalled_content":false,"_jetpack_memberships_contains_paid_content":false,"footnotes":"","jetpack_publicize_message":"","jetpack_publicize_feature_enabled":true,"jetpack_social_post_already_shared":false,"jetpack_social_options":{"image_generator_settings":{"template":"highway","default_image_id":0,"font":"","enabled":false},"version":2}},"categories":[10,3,1],"tags":[],"class_list":["post-4121","post","type-post","status-publish","format-standard","has-post-thumbnail","hentry","category-lectura-recomendada","category-portada","category-sin-categoria"],"jetpack_publicize_connections":[],"jetpack_featured_media_url":"https:\/\/formalprision.com\/wp-content\/uploads\/2013\/12\/blogger-image-450920226.jpg","jetpack_sharing_enabled":true,"jetpack_shortlink":"https:\/\/wp.me\/p6id8p-14t","_links":{"self":[{"href":"https:\/\/formalprision.com\/index.php?rest_route=\/wp\/v2\/posts\/4121","targetHints":{"allow":["GET"]}}],"collection":[{"href":"https:\/\/formalprision.com\/index.php?rest_route=\/wp\/v2\/posts"}],"about":[{"href":"https:\/\/formalprision.com\/index.php?rest_route=\/wp\/v2\/types\/post"}],"author":[{"embeddable":true,"href":"https:\/\/formalprision.com\/index.php?rest_route=\/wp\/v2\/users\/1"}],"replies":[{"embeddable":true,"href":"https:\/\/formalprision.com\/index.php?rest_route=%2Fwp%2Fv2%2Fcomments&post=4121"}],"version-history":[{"count":0,"href":"https:\/\/formalprision.com\/index.php?rest_route=\/wp\/v2\/posts\/4121\/revisions"}],"wp:featuredmedia":[{"embeddable":true,"href":"https:\/\/formalprision.com\/index.php?rest_route=\/wp\/v2\/media\/18351"}],"wp:attachment":[{"href":"https:\/\/formalprision.com\/index.php?rest_route=%2Fwp%2Fv2%2Fmedia&parent=4121"}],"wp:term":[{"taxonomy":"category","embeddable":true,"href":"https:\/\/formalprision.com\/index.php?rest_route=%2Fwp%2Fv2%2Fcategories&post=4121"},{"taxonomy":"post_tag","embeddable":true,"href":"https:\/\/formalprision.com\/index.php?rest_route=%2Fwp%2Fv2%2Ftags&post=4121"}],"curies":[{"name":"wp","href":"https:\/\/api.w.org\/{rel}","templated":true}]}}