{"id":4122,"date":"2013-12-18T23:30:00","date_gmt":"2013-12-18T23:30:00","guid":{"rendered":"http:\/\/formalprision.info\/2013\/12\/18\/clausuran-curso-de-actualizacion-para\/"},"modified":"2015-06-03T08:41:32","modified_gmt":"2015-06-03T08:41:32","slug":"clausuran-curso-de-actualizacion-para","status":"publish","type":"post","link":"https:\/\/formalprision.com\/?p=4122","title":{"rendered":"Clausuran Curso de Actualizaci\u00f3n para Polic\u00edas Preventivos Municipales."},"content":{"rendered":"<div style=\"font-family: Noteworthy; font-size: 18px; font-weight: bold; line-height: 24px; -webkit-tap-highlight-color: rgba(26, 26, 26, 0.296875); -webkit-composition-fill-color: rgba(130, 98, 83, 0.0976563); -webkit-composition-frame-color: rgba(191, 107, 82, 0.496094); \">\n<div>El &nbsp;Gobernador Rolando Zapata Bello&nbsp;clausur\u00f3 este d\u00eda&nbsp;el Curso de Actualizaci\u00f3n para Polic\u00edas Preventivos Municipales, en el que participaron 184 agentes.<\/div>\n<div>En evento celebrado en el Instituto de Formaci\u00f3n Policial \u00abLuis F. Sotelo Regil\u00bb, el titular del Poder Ejecutivo afirm\u00f3 que para el Gobierno del Estado es de suma importancia que los cuerpos de seguridad, cuenten con las herramientas y habilidades necesarias para brindar un buen servicio y responder de la mejor manera ante cualquier situaci\u00f3n de emergencia.<\/div>\n<div>Por ello, se\u00f1al\u00f3, se ha fortalecido a las Polic\u00edas municipales con la entrega de 325 unidades vehiculares equipadas con accesorios polic\u00edacos y sistemas de radiocomunicaci\u00f3n para incrementar su capacidad de reacci\u00f3n.<\/div>\n<div>\u00abTambi\u00e9n le hemos apostado a estrategias de prevenci\u00f3n del delito y participaci\u00f3n ciudadana, acciones que permitir\u00e1n que Yucat\u00e1n y sus municipios sigan siendo espacios seguros para sus habitantes\u00bb, enfatiz\u00f3.<\/div>\n<div>Ante el secretario de Seguridad P\u00fablica, Luis Felipe Said\u00e9n Ojeda y la fiscal General del Estado, Celia Mar\u00eda Rivas Rodr\u00edguez, Zapata Bello resalt\u00f3 que todos los cuerpos polic\u00edacos de la entidad cuentan con el respeto, confianza y respaldo de los yucatecos, sin embargo es necesario continuar trabajando en su preparaci\u00f3n y profesionalizaci\u00f3n, a fin de que sea una constante.<\/div>\n<div>El citado esquema de capacitaci\u00f3n, que se desarroll\u00f3 durante un mes, permiti\u00f3 reforzar el conocimiento de los elementos de 53 corporaciones municipales, en las \u00e1reas jur\u00eddica-human\u00edstica, de desarrollo f\u00edsico-corporal y meteorol\u00f3gico-operativa.<\/div>\n<div>Sus contenidos fueron homologados con objetivos nacionales, estatales y municipales en la materia, bajo los criterios y est\u00e1ndares de evaluaci\u00f3n y control de confianza, previstos para los fines de profesionalizaci\u00f3n en el Sistema Nacional de Seguridad P\u00fablica.<\/div>\n<div>Las corporaciones que participaron en el citado curso fueron las de Akil, Baca, Bokob\u00e1, Buctzotz, Cacalch\u00e9n, Cantamayec, Cenotillo, Chacsink\u00edn, Chankom, Chemax, Chichimil\u00e1, Chicxulub Pueblo, Chochol\u00e1, Conkal, Cuncunul, Cuzam\u00e1, Dzidzant\u00fan, Espita, Halach\u00f3, Hoct\u00fan, Hunucm\u00e1, Ixil, Izamal y Kanas\u00edn.<\/div>\n<div>Tambi\u00e9n, de los municipios de Kinchil, Kopom\u00e1, Maxcan\u00fa, Muna, Oxkutzcab, Panab\u00e1, Peto, Progreso, San Felipe, Santa Elena, &nbsp;Teabo, Tecoh, Tekant\u00f3, Tekax, Telchac Pueblo, Temax, Tepak\u00e1n, Teya, Ticul, Timucuy, Tixkokob, Tixm\u00e9huac, Tixp\u00e9ual, Tizim\u00edn, Tunk\u00e1s, Um\u00e1n, Valladolid, Yaxcab\u00e1 y Yoba\u00edn.<\/div>\n<div>En su turno, el secretario de Seguridad P\u00fablica destac\u00f3 que el curso se replic\u00f3 en las sedes de Izamal y Tekax para 100 elementos, de 68 municipios. Adem\u00e1s, dijo, en el marco del Programa de Capacitaci\u00f3n Especializada 2013, un total de mil 716 elementos ha participado en esquemas de formaci\u00f3n. De ellos, 213 pertenecen al municipio de M\u00e9rida, 128 al de Tekax y 115 al de Progreso.<\/div>\n<div>\u00abAsimismo, 135 de Ticul, Hoct\u00fan, Tekax, Izamal, Espita, Tizim\u00edn, Hunucm\u00e1, Halach\u00f3, Chicxulub Pueblo, M\u00e9rida, Progreso, Oxkutzcab y Valladolid, tomaron el curso de Formaci\u00f3n B\u00e1sica para el Polic\u00eda Municipal. Otros temas en los que se ha capacitado a los elementos son Hechos de Tr\u00e1nsito Terrestre, Formador de Formadores y Evaluaci\u00f3n de Aprendizaje\u00bb, se\u00f1al\u00f3.<\/div>\n<div>A nombre de los cuerpos de seguridad, la directora de la Polic\u00eda Municipal de Telchac Pueblo, Adelaida Mata Chan, refrend\u00f3 su compromiso para continuar prepar\u00e1ndose y fortaleciendo la encomienda al servicio de la sociedad yucateca.<\/div>\n<div>Tras el acto protocolario, el Gobernador atestigu\u00f3 las demostraciones de t\u00e9cnicas y t\u00e1cticas policiales, rescate acu\u00e1tico y tiro, a cargo de los elementos de seguridad municipal.<\/div>\n<div>Asistieron al evento, los presidentes de la Junta de Gobierno y Coordinaci\u00f3n Pol\u00edtica del Congreso local, Luis Hevia Jim\u00e9nez y del Tribunal Superior de Justicia del Estado, &nbsp;Marcos Celis Quintal. De igual forma, estuvieron presentes el comandante de la XXXII Zona Militar, Luis Manuel V\u00e9lez Fern\u00e1ndez de Lara y el director de la Polic\u00eda Municipal de M\u00e9rida, &nbsp;Mario Arturo Romero Escalante. (Comunicado)<\/div>\n<\/div>\n<div style=\"font-family: Noteworthy; font-size: 18px; font-weight: bold; line-height: 24px; -webkit-tap-highlight-color: rgba(26, 26, 26, 0.296875); -webkit-composition-fill-color: rgba(130, 98, 83, 0.0976563); -webkit-composition-frame-color: rgba(191, 107, 82, 0.496094); \">\n<div class=\"separator\" style=\"clear: both;\"><a href=\"https:\/\/lh6.googleusercontent.com\/-Cl4bKN_1K2E\/UrIwAbZqzAI\/AAAAAAAAdT4\/G8b5ztXMAe0\/s640\/blogger-image-1071332375.jpg\" imageanchor=\"1\" style=\"margin-left: 1em; margin-right: 1em;\"><img decoding=\"async\" border=\"0\" src=\"https:\/\/lh6.googleusercontent.com\/-Cl4bKN_1K2E\/UrIwAbZqzAI\/AAAAAAAAdT4\/G8b5ztXMAe0\/s640\/blogger-image-1071332375.jpg\"><\/a><\/div>\n<p><\/div>\n","protected":false},"excerpt":{"rendered":"<p>El &nbsp;Gobernador Rolando Zapata Bello&nbsp;clausur\u00f3 este d\u00eda&nbsp;el Curso de Actualizaci\u00f3n para Polic\u00edas Preventivos Municipales, en el que participaron 184 agentes. En evento celebrado en el Instituto de Formaci\u00f3n Policial \u00abLuis<\/p>\n","protected":false},"author":1,"featured_media":18353,"comment_status":"open","ping_status":"open","sticky":false,"template":"","format":"standard","meta":{"jetpack_post_was_ever_published":false,"_jetpack_newsletter_access":"","_jetpack_dont_email_post_to_subs":false,"_jetpack_newsletter_tier_id":0,"_jetpack_memberships_contains_paywalled_content":false,"_jetpack_memberships_contains_paid_content":false,"footnotes":"","jetpack_publicize_message":"","jetpack_publicize_feature_enabled":true,"jetpack_social_post_already_shared":false,"jetpack_social_options":{"image_generator_settings":{"template":"highway","default_image_id":0,"font":"","enabled":false},"version":2}},"categories":[17,1],"tags":[],"class_list":["post-4122","post","type-post","status-publish","format-standard","has-post-thumbnail","hentry","category-politica-y-gobierno","category-sin-categoria"],"jetpack_publicize_connections":[],"jetpack_featured_media_url":"https:\/\/formalprision.com\/wp-content\/uploads\/2013\/12\/blogger-image-1071332375.jpg","jetpack_sharing_enabled":true,"jetpack_shortlink":"https:\/\/wp.me\/p6id8p-14u","_links":{"self":[{"href":"https:\/\/formalprision.com\/index.php?rest_route=\/wp\/v2\/posts\/4122","targetHints":{"allow":["GET"]}}],"collection":[{"href":"https:\/\/formalprision.com\/index.php?rest_route=\/wp\/v2\/posts"}],"about":[{"href":"https:\/\/formalprision.com\/index.php?rest_route=\/wp\/v2\/types\/post"}],"author":[{"embeddable":true,"href":"https:\/\/formalprision.com\/index.php?rest_route=\/wp\/v2\/users\/1"}],"replies":[{"embeddable":true,"href":"https:\/\/formalprision.com\/index.php?rest_route=%2Fwp%2Fv2%2Fcomments&post=4122"}],"version-history":[{"count":0,"href":"https:\/\/formalprision.com\/index.php?rest_route=\/wp\/v2\/posts\/4122\/revisions"}],"wp:featuredmedia":[{"embeddable":true,"href":"https:\/\/formalprision.com\/index.php?rest_route=\/wp\/v2\/media\/18353"}],"wp:attachment":[{"href":"https:\/\/formalprision.com\/index.php?rest_route=%2Fwp%2Fv2%2Fmedia&parent=4122"}],"wp:term":[{"taxonomy":"category","embeddable":true,"href":"https:\/\/formalprision.com\/index.php?rest_route=%2Fwp%2Fv2%2Fcategories&post=4122"},{"taxonomy":"post_tag","embeddable":true,"href":"https:\/\/formalprision.com\/index.php?rest_route=%2Fwp%2Fv2%2Ftags&post=4122"}],"curies":[{"name":"wp","href":"https:\/\/api.w.org\/{rel}","templated":true}]}}