{"id":41221,"date":"2016-03-13T00:35:27","date_gmt":"2016-03-13T05:35:27","guid":{"rendered":"http:\/\/formalprision.com\/?p=41221"},"modified":"2016-03-13T00:35:27","modified_gmt":"2016-03-13T05:35:27","slug":"cesar-millan-el-encantador-de-perros-responde-a-denuncia-de-crueldad-animal","status":"publish","type":"post","link":"https:\/\/formalprision.com\/?p=41221","title":{"rendered":"C\u00e9sar Mill\u00e1n, el encantador de perros, responde a denuncia de crueldad animal"},"content":{"rendered":"<p>Ten\u00eda s\u00f3lo 24 horas para responder al ultim\u00e1tum que le dieron las autoridades sobre el presunto caso de maltrato animal que mostr\u00f3 en un episodio del programa &#8216;C\u00e9sar 911&#8217;, por lo que C\u00e9sar Mill\u00e1n, el famoso &#8216;Encantador de perros&#8217;, ya habl\u00f3 sobre esta pol\u00e9mica que lo involucra.<\/p>\n<p>En el cap\u00edtulo de su programa, se muestra cuando un crencha bulldog, de nombre &#8216;Simon&#8217;, es entrenado para calmar su comportamiento agresivo, pero lo \u00fanico que consiguen en es que el can le arrancara la oreja a un cerdo.<\/p>\n<p>Los televidentes de inmediato se comunicaron con la polic\u00eda, ya que no cre\u00edan lo que se hab\u00eda transmitido en la emisi\u00f3n.<\/p>\n<p>La polic\u00eda acudi\u00f3 a las oficinas de C\u00e9sar, pero no lo encontraron, por lo que us\u00f3 sus redes sociales para dar respuesta a lo que las autoridades quer\u00edan saber:<\/p>\n<p>\u00abEl cerdo fue cortado por Simon, fue atendido de inmediato, fue curado de manera r\u00e1pida y no muestra se\u00f1ales de peligro\u00bb.<\/p>\n<p>Las declaraciones del &#8216;Encantador de perros&#8217; fueron apoyadas por la due\u00f1a del perro y cerdo, y el portal TMZ difundi\u00f3 que la se\u00f1ora pidi\u00f3 que se dejara en paz a C\u00e9sar y asegur\u00f3: \u00abEl cerdo no fue herido gravemente y una hora tras el incidente, Simon y el cerdo caminaban juntos de manera relajada y pac\u00edfica\u00bb, por lo que dej\u00f3 en claro que la terapia dio resultado.<\/p>\n<p><em>Fuente: TV Notas<\/em><\/p>\n","protected":false},"excerpt":{"rendered":"<p>Ten\u00eda s\u00f3lo 24 horas para responder al ultim\u00e1tum que le dieron las autoridades sobre el presunto caso de maltrato animal que mostr\u00f3 en un episodio del programa &#8216;C\u00e9sar 911&#8217;, por<\/p>\n","protected":false},"author":1,"featured_media":41223,"comment_status":"open","ping_status":"open","sticky":false,"template":"","format":"standard","meta":{"jetpack_post_was_ever_published":false,"_jetpack_newsletter_access":"","_jetpack_dont_email_post_to_subs":false,"_jetpack_newsletter_tier_id":0,"_jetpack_memberships_contains_paywalled_content":false,"_jetpack_memberships_contains_paid_content":false,"footnotes":"","jetpack_publicize_message":"","jetpack_publicize_feature_enabled":true,"jetpack_social_post_already_shared":true,"jetpack_social_options":{"image_generator_settings":{"template":"highway","default_image_id":0,"font":"","enabled":false},"version":2}},"categories":[33,32],"tags":[],"class_list":["post-41221","post","type-post","status-publish","format-standard","has-post-thumbnail","hentry","category-cultura","category-espectaculos"],"jetpack_publicize_connections":[],"jetpack_featured_media_url":"https:\/\/formalprision.com\/wp-content\/uploads\/2016\/03\/pig.png","jetpack_sharing_enabled":true,"jetpack_shortlink":"https:\/\/wp.me\/p6id8p-aIR","_links":{"self":[{"href":"https:\/\/formalprision.com\/index.php?rest_route=\/wp\/v2\/posts\/41221","targetHints":{"allow":["GET"]}}],"collection":[{"href":"https:\/\/formalprision.com\/index.php?rest_route=\/wp\/v2\/posts"}],"about":[{"href":"https:\/\/formalprision.com\/index.php?rest_route=\/wp\/v2\/types\/post"}],"author":[{"embeddable":true,"href":"https:\/\/formalprision.com\/index.php?rest_route=\/wp\/v2\/users\/1"}],"replies":[{"embeddable":true,"href":"https:\/\/formalprision.com\/index.php?rest_route=%2Fwp%2Fv2%2Fcomments&post=41221"}],"version-history":[{"count":0,"href":"https:\/\/formalprision.com\/index.php?rest_route=\/wp\/v2\/posts\/41221\/revisions"}],"wp:featuredmedia":[{"embeddable":true,"href":"https:\/\/formalprision.com\/index.php?rest_route=\/wp\/v2\/media\/41223"}],"wp:attachment":[{"href":"https:\/\/formalprision.com\/index.php?rest_route=%2Fwp%2Fv2%2Fmedia&parent=41221"}],"wp:term":[{"taxonomy":"category","embeddable":true,"href":"https:\/\/formalprision.com\/index.php?rest_route=%2Fwp%2Fv2%2Fcategories&post=41221"},{"taxonomy":"post_tag","embeddable":true,"href":"https:\/\/formalprision.com\/index.php?rest_route=%2Fwp%2Fv2%2Ftags&post=41221"}],"curies":[{"name":"wp","href":"https:\/\/api.w.org\/{rel}","templated":true}]}}