{"id":41224,"date":"2016-03-13T12:56:31","date_gmt":"2016-03-13T17:56:31","guid":{"rendered":"http:\/\/formalprision.com\/?p=41224"},"modified":"2016-03-13T12:56:31","modified_gmt":"2016-03-13T17:56:31","slug":"alcalde-concede-entrevista-especial-a-estudiantes","status":"publish","type":"post","link":"https:\/\/formalprision.com\/?p=41224","title":{"rendered":"Alcalde concede entrevista especial a estudiantes"},"content":{"rendered":"<p>Todo comenz\u00f3 con un mensaje de Twitter. La joven Liliana Franco Aguilar solicitaba al alcalde Mauricio Vila Dosal la recibiera a ella y sus compa\u00f1eros de clase, a fin de que lo entrevistaran para un trabajo escolar.<\/p>\n<p>Liliana le envi\u00f3 al edil una foto que se tom\u00f3 con \u00e9l en el Paseo de las \u00c1nimas. La joven, estudiante del cuarto semestre de Ciencias de la Comunicaci\u00f3n de la Universidad Modelo, sufre de par\u00e1lisis cerebral, discapacidad que adquiri\u00f3 al momento de nacer pero que no la limita en su desempe\u00f1o acad\u00e9mico ni en su voluntad de salir adelante.<\/p>\n<p>Fue ella quien sugiri\u00f3 que la entrevista que les dejaron como tarea se hiciera con el alcalde y fue ella quien se propuso contactar con \u00e9l y lo logr\u00f3.<\/p>\n<p>El alcalde respondi\u00f3 a la solicitud y concert\u00f3 una cita para recibirla en la sala de Presidencia.<\/p>\n<p>Lil\u00ed y sus compa\u00f1eros llegaron puntuales a la cita. El alcalde respondi\u00f3 a las preguntas que los j\u00f3venes le plantearon como parte de su trabajo period\u00edstico escolar.<\/p>\n<p>La entrevista transcurri\u00f3 en ambiente y cordial y al t\u00e9rmino de la misma, Liliana solicit\u00f3 al alcalde apoyo para impulsar un proyecto que le permita promover entre los empresarios mayores espacios de inclusi\u00f3n en sus empresas para personas con alguna discapacidad.<\/p>\n<p>Mauricio Vila instruy\u00f3 a V\u00edctor Hugo Lozano, coordinador general de Pol\u00edtica Comunitaria y Social, para que se trabaje con organismos empresariales, a fin de ayudar esa iniciativa de los estudiantes.<\/p>\n<p>Durante la entrevista a Mauricio Vila Lil\u00ed demostr\u00f3 que para ella no hay obst\u00e1culo que no se pueda superar, seg\u00fan comenta su madre, la se\u00f1ora Liliana Aguilar Mendoza.<\/p>\n<p>Explic\u00f3 que Lil\u00ed tiene actualmente 25 a\u00f1os de edad y adem\u00e1s de estudiante universitaria trabaja en una empresa de dise\u00f1o, y es aficionada a la pintura digital y a la fotograf\u00eda. Incluso ha expuesto sus trabajos en el Ateneo Peninsular y recientemente, en el marco de los festejos del CRIT por el D\u00eda Internacional de la Mujer.<\/p>\n<p>En sus ratos libres produce y edita v\u00eddeos en los que trata de crear conciencia sobre el tema de la sensibilizaci\u00f3n de la sociedad hacia la discapacidad. Tiene dos hermanos, los gemelos Rodrigo y Felipe, estudiantes de preparatoria, y su padre es el ingeniero qu\u00edmico industrial Felipe Franco G\u00f3ngora. Por lo general, Lil\u00ed utiliza sistemas inform\u00e1ticos especiales para comunicarse y constantemente se actualiza sobre los avances en materia de comunicaci\u00f3n, legislaci\u00f3n y servicios para discapacitados.<\/p>\n","protected":false},"excerpt":{"rendered":"<p>Todo comenz\u00f3 con un mensaje de Twitter. La joven Liliana Franco Aguilar solicitaba al alcalde Mauricio Vila Dosal la recibiera a ella y sus compa\u00f1eros de clase, a fin de<\/p>\n","protected":false},"author":1,"featured_media":41226,"comment_status":"open","ping_status":"open","sticky":false,"template":"","format":"standard","meta":{"jetpack_post_was_ever_published":false,"_jetpack_newsletter_access":"","_jetpack_dont_email_post_to_subs":false,"_jetpack_newsletter_tier_id":0,"_jetpack_memberships_contains_paywalled_content":false,"_jetpack_memberships_contains_paid_content":false,"footnotes":"","jetpack_publicize_message":"","jetpack_publicize_feature_enabled":true,"jetpack_social_post_already_shared":true,"jetpack_social_options":{"image_generator_settings":{"template":"highway","default_image_id":0,"font":"","enabled":false},"version":2}},"categories":[14],"tags":[],"class_list":["post-41224","post","type-post","status-publish","format-standard","has-post-thumbnail","hentry","category-merida"],"jetpack_publicize_connections":[],"jetpack_featured_media_url":"https:\/\/formalprision.com\/wp-content\/uploads\/2016\/03\/11.jpg","jetpack_sharing_enabled":true,"jetpack_shortlink":"https:\/\/wp.me\/p6id8p-aIU","_links":{"self":[{"href":"https:\/\/formalprision.com\/index.php?rest_route=\/wp\/v2\/posts\/41224","targetHints":{"allow":["GET"]}}],"collection":[{"href":"https:\/\/formalprision.com\/index.php?rest_route=\/wp\/v2\/posts"}],"about":[{"href":"https:\/\/formalprision.com\/index.php?rest_route=\/wp\/v2\/types\/post"}],"author":[{"embeddable":true,"href":"https:\/\/formalprision.com\/index.php?rest_route=\/wp\/v2\/users\/1"}],"replies":[{"embeddable":true,"href":"https:\/\/formalprision.com\/index.php?rest_route=%2Fwp%2Fv2%2Fcomments&post=41224"}],"version-history":[{"count":0,"href":"https:\/\/formalprision.com\/index.php?rest_route=\/wp\/v2\/posts\/41224\/revisions"}],"wp:featuredmedia":[{"embeddable":true,"href":"https:\/\/formalprision.com\/index.php?rest_route=\/wp\/v2\/media\/41226"}],"wp:attachment":[{"href":"https:\/\/formalprision.com\/index.php?rest_route=%2Fwp%2Fv2%2Fmedia&parent=41224"}],"wp:term":[{"taxonomy":"category","embeddable":true,"href":"https:\/\/formalprision.com\/index.php?rest_route=%2Fwp%2Fv2%2Fcategories&post=41224"},{"taxonomy":"post_tag","embeddable":true,"href":"https:\/\/formalprision.com\/index.php?rest_route=%2Fwp%2Fv2%2Ftags&post=41224"}],"curies":[{"name":"wp","href":"https:\/\/api.w.org\/{rel}","templated":true}]}}