{"id":41237,"date":"2016-03-13T15:25:06","date_gmt":"2016-03-13T20:25:06","guid":{"rendered":"http:\/\/formalprision.com\/?p=41237"},"modified":"2016-03-13T15:25:06","modified_gmt":"2016-03-13T20:25:06","slug":"participa-el-gobernador-en-cuarta-edicion-de-la-carrera-idey","status":"publish","type":"post","link":"https:\/\/formalprision.com\/?p=41237","title":{"rendered":"Participa el Gobernador en cuarta edici\u00f3n de la Carrera IDEY"},"content":{"rendered":"<p><span style=\"line-height: 1.5;\">M\u00e9rida, 13 de marzo de 2016.- El Gobernador Rolando Zapata Bello se uni\u00f3 este d\u00eda a los m\u00e1s de mil 700 competidores que participaron en la cuarta edici\u00f3n de la Carrera y Caminata de 10 y tres kil\u00f3metros, respectivamente, del Instituto del Deporte del Estado (IDEY).<\/span><\/p>\n<p>Acompa\u00f1ado del titular de dicha dependencia, Juan Sosa Puerto, el mandatario realiz\u00f3 el disparo de salida para los competidores de sillas sobre ruedas y la Carrera en las instalaciones del estadio \u201cGeneral Salvador Alvarado\u00bb, para posteriormente sumarse al contingente.<\/p>\n<p>Despu\u00e9s de una hora y 46 segundos, con el n\u00famero 915, Zapata Bello concluy\u00f3 el recorrido de 10 kil\u00f3metros.\u00a0El triunfo en esta distancia se lo adjudic\u00f3 el atleta \u00c1ngel Cadena Dom\u00ednguez, con un tiempo de 34 minutos 47 segundos.<\/p>\n<p>En esta ocasi\u00f3n, participaron mil 100 personas en la Carrera, 600 en la Caminata y 12 en sillas sobre ruedas.\u00a0De manera paralela se realiz\u00f3 una macro clase de activaci\u00f3n f\u00edsica, una Feria de la Salud y competencias para ni\u00f1os menores de 12 a\u00f1os con distancias de 50, 100 y 200 metros.<\/p>\n<p>&nbsp;<\/p>\n","protected":false},"excerpt":{"rendered":"<p>M\u00e9rida, 13 de marzo de 2016.- El Gobernador Rolando Zapata Bello se uni\u00f3 este d\u00eda a los m\u00e1s de mil 700 competidores que participaron en la cuarta edici\u00f3n de la<\/p>\n","protected":false},"author":1,"featured_media":41238,"comment_status":"open","ping_status":"open","sticky":false,"template":"","format":"standard","meta":{"jetpack_post_was_ever_published":false,"_jetpack_newsletter_access":"","_jetpack_dont_email_post_to_subs":false,"_jetpack_newsletter_tier_id":0,"_jetpack_memberships_contains_paywalled_content":false,"_jetpack_memberships_contains_paid_content":false,"footnotes":"","jetpack_publicize_message":"","jetpack_publicize_feature_enabled":true,"jetpack_social_post_already_shared":true,"jetpack_social_options":{"image_generator_settings":{"template":"highway","default_image_id":0,"font":"","enabled":false},"version":2}},"categories":[17],"tags":[],"class_list":["post-41237","post","type-post","status-publish","format-standard","has-post-thumbnail","hentry","category-politica-y-gobierno"],"jetpack_publicize_connections":[],"jetpack_featured_media_url":"https:\/\/formalprision.com\/wp-content\/uploads\/2016\/03\/4T2A9303-e1457900680741.jpg","jetpack_sharing_enabled":true,"jetpack_shortlink":"https:\/\/wp.me\/p6id8p-aJ7","_links":{"self":[{"href":"https:\/\/formalprision.com\/index.php?rest_route=\/wp\/v2\/posts\/41237","targetHints":{"allow":["GET"]}}],"collection":[{"href":"https:\/\/formalprision.com\/index.php?rest_route=\/wp\/v2\/posts"}],"about":[{"href":"https:\/\/formalprision.com\/index.php?rest_route=\/wp\/v2\/types\/post"}],"author":[{"embeddable":true,"href":"https:\/\/formalprision.com\/index.php?rest_route=\/wp\/v2\/users\/1"}],"replies":[{"embeddable":true,"href":"https:\/\/formalprision.com\/index.php?rest_route=%2Fwp%2Fv2%2Fcomments&post=41237"}],"version-history":[{"count":0,"href":"https:\/\/formalprision.com\/index.php?rest_route=\/wp\/v2\/posts\/41237\/revisions"}],"wp:featuredmedia":[{"embeddable":true,"href":"https:\/\/formalprision.com\/index.php?rest_route=\/wp\/v2\/media\/41238"}],"wp:attachment":[{"href":"https:\/\/formalprision.com\/index.php?rest_route=%2Fwp%2Fv2%2Fmedia&parent=41237"}],"wp:term":[{"taxonomy":"category","embeddable":true,"href":"https:\/\/formalprision.com\/index.php?rest_route=%2Fwp%2Fv2%2Fcategories&post=41237"},{"taxonomy":"post_tag","embeddable":true,"href":"https:\/\/formalprision.com\/index.php?rest_route=%2Fwp%2Fv2%2Ftags&post=41237"}],"curies":[{"name":"wp","href":"https:\/\/api.w.org\/{rel}","templated":true}]}}