{"id":4217,"date":"2013-12-04T04:01:00","date_gmt":"2013-12-04T04:01:00","guid":{"rendered":"http:\/\/formalprision.info\/2013\/12\/04\/monterrey-se-pronuncio-contra-la\/"},"modified":"2015-06-03T08:41:54","modified_gmt":"2015-06-03T08:41:54","slug":"monterrey-se-pronuncio-contra-la","status":"publish","type":"post","link":"https:\/\/formalprision.com\/?p=4217","title":{"rendered":"Monterrey se pronunci\u00f3 contra la multipropiedad"},"content":{"rendered":"<div class=\"separator\" style=\"clear: both; text-align: center;\">\n<a href=\"http:\/\/formalprision.com\/wp-content\/uploads\/2013\/12\/aaarayados.jpg\" imageanchor=\"1\" style=\"margin-left: 1em; margin-right: 1em;\"><img decoding=\"async\" border=\"0\" src=\"http:\/\/formalprision.com\/wp-content\/uploads\/2013\/12\/aaarayados.jpg\" \/><\/a><\/div>\n<div style=\"background-color: white; border: 0px; color: #333333; font-family: Verdana, Arial, Helvetica, sans-serif; font-size: 12px; line-height: 17px; margin-bottom: 10px; outline: 0px; padding: 0px; vertical-align: baseline;\">\n<b>MONTERREY &#8212; (ESPN) Por medio de un comunicado de prensa los Rayados del Monterrey dieron a conocer que en la reuni\u00f3n de due\u00f1os celebrada este lunes se pronunciaron en contra de la venta del club Atlas a Grupo Salinas.<\/b><\/div>\n<div style=\"background-color: white; border: 0px; color: #333333; font-family: Verdana, Arial, Helvetica, sans-serif; font-size: 12px; line-height: 17px; margin-bottom: 10px; outline: 0px; padding: 0px; vertical-align: baseline;\">\n<\/div>\n<div style=\"background-color: white; border: 0px; color: #333333; font-family: Verdana, Arial, Helvetica, sans-serif; font-size: 12px; line-height: 17px; margin-bottom: 10px; outline: 0px; padding: 0px; vertical-align: baseline;\">\n<\/div>\n<div style=\"background-color: white; border: 0px; color: #333333; font-family: Verdana, Arial, Helvetica, sans-serif; font-size: 12px; line-height: 17px; margin-bottom: 10px; outline: 0px; padding: 0px; vertical-align: baseline;\">\n<b>Con base en el respeto a los acuerdos que se hab\u00edan alcanzado en la reuni\u00f3n de mayo, concernientes a la multipropiedad, es como los Rayados se pronunciaron en contra de la venta de los rojinegros.<\/b><\/div>\n<div style=\"background-color: white; border: 0px; color: #333333; font-family: Verdana, Arial, Helvetica, sans-serif; font-size: 12px; line-height: 17px; margin-bottom: 10px; outline: 0px; padding: 0px; vertical-align: baseline;\">\n<\/div>\n<div style=\"background-color: white; border: 0px; color: #333333; font-family: Verdana, Arial, Helvetica, sans-serif; font-size: 12px; line-height: 17px; margin-bottom: 10px; outline: 0px; padding: 0px; vertical-align: baseline;\">\n<\/div>\n<div style=\"background-color: white; border: 0px; color: #333333; font-family: Verdana, Arial, Helvetica, sans-serif; font-size: 12px; line-height: 17px; margin-bottom: 10px; outline: 0px; padding: 0px; vertical-align: baseline;\">\n<b>\u00abEn la reuni\u00f3n de ayer, ocurrida en las instalaciones de la Liga BBVA Bancomer, nuestra Instituci\u00f3n se pronunci\u00f3, debati\u00f3 y vot\u00f3 en favor del cumplimiento de los reglamentos y estatutos asentados por acuerdo un\u00e1nime de todos los Clubes hace cinco meses en donde limita a cualquier persona f\u00edsica o moral a la propiedad de m\u00e1s de una franquicia de Primera Divisi\u00f3n.<\/b><\/div>\n<div style=\"background-color: white; border: 0px; color: #333333; font-family: Verdana, Arial, Helvetica, sans-serif; font-size: 12px; line-height: 17px; margin-bottom: 10px; outline: 0px; padding: 0px; vertical-align: baseline;\">\n<\/div>\n<div style=\"background-color: white; border: 0px; color: #333333; font-family: Verdana, Arial, Helvetica, sans-serif; font-size: 12px; line-height: 17px; margin-bottom: 10px; outline: 0px; padding: 0px; vertical-align: baseline;\">\n<\/div>\n<div style=\"background-color: white; border: 0px; color: #333333; font-family: Verdana, Arial, Helvetica, sans-serif; font-size: 12px; line-height: 17px; margin-bottom: 10px; outline: 0px; padding: 0px; vertical-align: baseline;\">\n<b>Consideramos importante hacer de su conocimiento este planteamiento as\u00ed como la reiteraci\u00f3n de nuestra postura de ser respetuosos de los acuerdos y las instituciones que rigen y conforman nuestro futbol\u00bb, se inform\u00f3 en el comunicado.<\/b><\/div>\n","protected":false},"excerpt":{"rendered":"<p>MONTERREY &#8212; (ESPN) Por medio de un comunicado de prensa los Rayados del Monterrey dieron a conocer que en la reuni\u00f3n de due\u00f1os celebrada este lunes se pronunciaron en contra<\/p>\n","protected":false},"author":1,"featured_media":18541,"comment_status":"open","ping_status":"open","sticky":false,"template":"","format":"standard","meta":{"jetpack_post_was_ever_published":false,"_jetpack_newsletter_access":"","_jetpack_dont_email_post_to_subs":false,"_jetpack_newsletter_tier_id":0,"_jetpack_memberships_contains_paywalled_content":false,"_jetpack_memberships_contains_paid_content":false,"footnotes":"","jetpack_publicize_message":"","jetpack_publicize_feature_enabled":true,"jetpack_social_post_already_shared":false,"jetpack_social_options":{"image_generator_settings":{"template":"highway","default_image_id":0,"font":"","enabled":false},"version":2}},"categories":[4,1],"tags":[],"class_list":["post-4217","post","type-post","status-publish","format-standard","has-post-thumbnail","hentry","category-deportes","category-sin-categoria"],"jetpack_publicize_connections":[],"jetpack_featured_media_url":"https:\/\/formalprision.com\/wp-content\/uploads\/2013\/12\/aaarayados.jpg","jetpack_sharing_enabled":true,"jetpack_shortlink":"https:\/\/wp.me\/p6id8p-161","_links":{"self":[{"href":"https:\/\/formalprision.com\/index.php?rest_route=\/wp\/v2\/posts\/4217","targetHints":{"allow":["GET"]}}],"collection":[{"href":"https:\/\/formalprision.com\/index.php?rest_route=\/wp\/v2\/posts"}],"about":[{"href":"https:\/\/formalprision.com\/index.php?rest_route=\/wp\/v2\/types\/post"}],"author":[{"embeddable":true,"href":"https:\/\/formalprision.com\/index.php?rest_route=\/wp\/v2\/users\/1"}],"replies":[{"embeddable":true,"href":"https:\/\/formalprision.com\/index.php?rest_route=%2Fwp%2Fv2%2Fcomments&post=4217"}],"version-history":[{"count":0,"href":"https:\/\/formalprision.com\/index.php?rest_route=\/wp\/v2\/posts\/4217\/revisions"}],"wp:featuredmedia":[{"embeddable":true,"href":"https:\/\/formalprision.com\/index.php?rest_route=\/wp\/v2\/media\/18541"}],"wp:attachment":[{"href":"https:\/\/formalprision.com\/index.php?rest_route=%2Fwp%2Fv2%2Fmedia&parent=4217"}],"wp:term":[{"taxonomy":"category","embeddable":true,"href":"https:\/\/formalprision.com\/index.php?rest_route=%2Fwp%2Fv2%2Fcategories&post=4217"},{"taxonomy":"post_tag","embeddable":true,"href":"https:\/\/formalprision.com\/index.php?rest_route=%2Fwp%2Fv2%2Ftags&post=4217"}],"curies":[{"name":"wp","href":"https:\/\/api.w.org\/{rel}","templated":true}]}}