{"id":42452,"date":"2016-04-10T22:46:39","date_gmt":"2016-04-11T03:46:39","guid":{"rendered":"http:\/\/formalprision.com\/?p=42452"},"modified":"2016-04-10T22:46:39","modified_gmt":"2016-04-11T03:46:39","slug":"desaparece-raul-osorio-tras-la-muerte-de-su-madre","status":"publish","type":"post","link":"https:\/\/formalprision.com\/?p=42452","title":{"rendered":"Desaparece Ra\u00fal Osorio tras la muerte de su madre"},"content":{"rendered":"<p>El conductor Rau\u0301l Osorio, de 43 an\u0303os, se encuentra sumergido en una gran tristeza y por el momento no quiere volver a trabajar a Venga la alegri\u0301a, luego de que el pasado 9 de marzo perdiera la vida su mam\u00e1, do\u00f1a Mar\u00eda del Carmen Alonzo (q.e.p.d.), de 73, en un hospital de M\u00e9rida, tras sufrir un infarto fulminante, esto tras haberle realizado un d\u00eda antes un cateterismo para prepararla para colocarle un bypass, pero lamentablemente ya no llego\u0301 a la cirug\u00eda.<\/p>\n<p>Rulo no ha contestado su tel\u00e9fono, y cuando lo buscaron se dieron cuenta de que ya no viv\u00eda en la Ciudad de M\u00e9xico ni estaba con sus familiares en M\u00e9rida.<\/p>\n<p><em>Fuente: TV Notas<\/em><\/p>\n","protected":false},"excerpt":{"rendered":"<p>El conductor Rau\u0301l Osorio, de 43 an\u0303os, se encuentra sumergido en una gran tristeza y por el momento no quiere volver a trabajar a Venga la alegri\u0301a, luego de que<\/p>\n","protected":false},"author":1,"featured_media":42454,"comment_status":"open","ping_status":"open","sticky":false,"template":"","format":"standard","meta":{"jetpack_post_was_ever_published":false,"_jetpack_newsletter_access":"","_jetpack_dont_email_post_to_subs":false,"_jetpack_newsletter_tier_id":0,"_jetpack_memberships_contains_paywalled_content":false,"_jetpack_memberships_contains_paid_content":false,"footnotes":"","jetpack_publicize_message":"","jetpack_publicize_feature_enabled":true,"jetpack_social_post_already_shared":true,"jetpack_social_options":{"image_generator_settings":{"template":"highway","default_image_id":0,"font":"","enabled":false},"version":2}},"categories":[33,32],"tags":[],"class_list":["post-42452","post","type-post","status-publish","format-standard","has-post-thumbnail","hentry","category-cultura","category-espectaculos"],"jetpack_publicize_connections":[],"jetpack_featured_media_url":"https:\/\/formalprision.com\/wp-content\/uploads\/2016\/04\/Raul.jpg","jetpack_sharing_enabled":true,"jetpack_shortlink":"https:\/\/wp.me\/p6id8p-b2I","_links":{"self":[{"href":"https:\/\/formalprision.com\/index.php?rest_route=\/wp\/v2\/posts\/42452","targetHints":{"allow":["GET"]}}],"collection":[{"href":"https:\/\/formalprision.com\/index.php?rest_route=\/wp\/v2\/posts"}],"about":[{"href":"https:\/\/formalprision.com\/index.php?rest_route=\/wp\/v2\/types\/post"}],"author":[{"embeddable":true,"href":"https:\/\/formalprision.com\/index.php?rest_route=\/wp\/v2\/users\/1"}],"replies":[{"embeddable":true,"href":"https:\/\/formalprision.com\/index.php?rest_route=%2Fwp%2Fv2%2Fcomments&post=42452"}],"version-history":[{"count":0,"href":"https:\/\/formalprision.com\/index.php?rest_route=\/wp\/v2\/posts\/42452\/revisions"}],"wp:featuredmedia":[{"embeddable":true,"href":"https:\/\/formalprision.com\/index.php?rest_route=\/wp\/v2\/media\/42454"}],"wp:attachment":[{"href":"https:\/\/formalprision.com\/index.php?rest_route=%2Fwp%2Fv2%2Fmedia&parent=42452"}],"wp:term":[{"taxonomy":"category","embeddable":true,"href":"https:\/\/formalprision.com\/index.php?rest_route=%2Fwp%2Fv2%2Fcategories&post=42452"},{"taxonomy":"post_tag","embeddable":true,"href":"https:\/\/formalprision.com\/index.php?rest_route=%2Fwp%2Fv2%2Ftags&post=42452"}],"curies":[{"name":"wp","href":"https:\/\/api.w.org\/{rel}","templated":true}]}}