{"id":42456,"date":"2016-04-10T22:52:25","date_gmt":"2016-04-11T03:52:25","guid":{"rendered":"http:\/\/formalprision.com\/?p=42456"},"modified":"2016-04-10T22:52:25","modified_gmt":"2016-04-11T03:52:25","slug":"inculcan-en-ninos-meridanos-la-cultura-forestal","status":"publish","type":"post","link":"https:\/\/formalprision.com\/?p=42456","title":{"rendered":"Inculcan en ni\u00f1os meridanos la cultura forestal"},"content":{"rendered":"<p>Como parte de las actividades del Plan Municipal de Infraestructura Verde, mediante el cual se plantar\u00edan 60,000 \u00e1rboles en lo que resta de esta administraci\u00f3n, el alcalde de M\u00e9rida, Mauricio Vila Dosal, convivi\u00f3 hoy con decenas de ni\u00f1os, acompa\u00f1ados de sus padres, y junto con ellos plant\u00f3 arboles de maculis en el parque Bepensa en la avenida M\u00e9rida 2000, y, posteriormente, recorri\u00f3 los m\u00e1s de 40 murales que decenas de artistas pintaban dentro del proyecto \u201cConstruyendo una M\u00e9rida Sostenible\u201d, organizado por empresas y la sociedad civil organizada.<\/p>\n<p>En el evento, el alcalde Vila Dosal atestigu\u00f3 tambi\u00e9n el compromiso de m\u00e1s de 30 ni\u00f1os y sus familias de cuidar, trabajar y vigilar el desarrollo de los 10 \u00e1rboles plantados, como resultado de esta Acci\u00f3n de Cultura Forestal, organizada por la Unidad de Desarrollo Sustentable del Ayuntamiento de M\u00e9rida, en el marco del eje de la sustentabilidad, para inculcar en la ni\u00f1ez una nueva cultura forestal y valores de respeto y cuidado del medio ambiente.<\/p>\n<p>Rodeado de sus peque\u00f1os, alegres, acompa\u00f1antes, el presidente municipal de M\u00e9rida escuch\u00f3 las explicaciones del ornit\u00f3logo Jes\u00fas Garc\u00eda Barr\u00f3n, coordinador de Monitoreo y Vida Silvestre de la Unidad de Desarrollo Sustentable, que dirige Sayda Melina G\u00f3mez Rodr\u00edguez, y observ\u00f3 con atenci\u00f3n los dibujos que, orgullosos, le mostraron los ni\u00f1os que participaron en el taller \u201cConoce las aves y \u00e1rboles de tu municipio\u201d, como parte de esta acci\u00f3n forestal.<\/p>\n<p>Despu\u00e9s de atender todas y cada de las solicitudes de los ni\u00f1os y sus familias para tomarse la fotograf\u00eda del recuerdo, el alcalde acudi\u00f3 a la secci\u00f3n del parque seleccionada para la jornada de reforestaci\u00f3n y junto con los ni\u00f1os plant\u00f3 una decena de maculis, mientras aprovechaba para platicar con ellos y sus padres sobre la importancia del medio ambiente y la necesidad de que todos los ciudadanos participen para tener una ciudad con m\u00e1s \u00e1rboles, en beneficio de todos y para conservar la calidad de vida que caracteriza a M\u00e9rida, Ciudad Blanca.<\/p>\n<p>Posteriormente, el alcalde visit\u00f3 la segunda edici\u00f3n del proyecto \u201cConstruyendo una M\u00e9rida Sustentable\u201d, donde m\u00e1s de 40 grupos de universitarios, acad\u00e9micos y de la sociedad civil organizada pintaban sendos murales en una barda aleda\u00f1a al Parque Bepensa, ubicado en la Avenida M\u00e9rida 2000, como parte de un concurso organizado por varias empresas.<\/p>\n<p>Antes de recorrer los m\u00e1s de 40 murales, el alcalde platic\u00f3 con los directivos de las empresas que organizan el evento sobre los retos y costos econ\u00f3micos que afrontan las autoridades municipales para dar mantenimiento a los parques de una ciudad en constante crecimiento y destac\u00f3 la importancia del apoyo del sector privado y de la sociedad civil organizada para realizar esta obra de una manera m\u00e1s eficiente, en beneficio de todos.<\/p>\n<p>Despu\u00e9s, el alcalde recorri\u00f3 los m\u00e1s de 40 espacios donde poco a poco tomaban forma diversos murales con temas a favor del medio ambiente y de una mejor convivencia del hombre y su entorno, a manos de decenas de ni\u00f1os, j\u00f3venes, mujeres, hombres, pertenecientes a la escuela de Arquitectura de Artes Visuales de la Facultad de Arquitectura de la Uady, scouts, grupos de la sociedad civil organizada y estudios de pintura, entre otros.<\/p>\n<p>El alcalde visit\u00f3 y convivi\u00f3 brevemente con cada uno de los grupos, platic\u00f3 con ellos sobre los motivos que los impulsaban a participar en el concurso y sobre el tema que pintaban,y al, final, se tom\u00f3 la infaltable fotograf\u00eda del recuerdo.<\/p>\n","protected":false},"excerpt":{"rendered":"<p>Como parte de las actividades del Plan Municipal de Infraestructura Verde, mediante el cual se plantar\u00edan 60,000 \u00e1rboles en lo que resta de esta administraci\u00f3n, el alcalde de M\u00e9rida, Mauricio<\/p>\n","protected":false},"author":1,"featured_media":42458,"comment_status":"open","ping_status":"open","sticky":false,"template":"","format":"standard","meta":{"jetpack_post_was_ever_published":false,"_jetpack_newsletter_access":"","_jetpack_dont_email_post_to_subs":false,"_jetpack_newsletter_tier_id":0,"_jetpack_memberships_contains_paywalled_content":false,"_jetpack_memberships_contains_paid_content":false,"footnotes":"","jetpack_publicize_message":"","jetpack_publicize_feature_enabled":true,"jetpack_social_post_already_shared":true,"jetpack_social_options":{"image_generator_settings":{"template":"highway","default_image_id":0,"font":"","enabled":false},"version":2}},"categories":[14],"tags":[],"class_list":["post-42456","post","type-post","status-publish","format-standard","has-post-thumbnail","hentry","category-merida"],"jetpack_publicize_connections":[],"jetpack_featured_media_url":"https:\/\/formalprision.com\/wp-content\/uploads\/2016\/04\/reforesta01.jpg","jetpack_sharing_enabled":true,"jetpack_shortlink":"https:\/\/wp.me\/p6id8p-b2M","_links":{"self":[{"href":"https:\/\/formalprision.com\/index.php?rest_route=\/wp\/v2\/posts\/42456","targetHints":{"allow":["GET"]}}],"collection":[{"href":"https:\/\/formalprision.com\/index.php?rest_route=\/wp\/v2\/posts"}],"about":[{"href":"https:\/\/formalprision.com\/index.php?rest_route=\/wp\/v2\/types\/post"}],"author":[{"embeddable":true,"href":"https:\/\/formalprision.com\/index.php?rest_route=\/wp\/v2\/users\/1"}],"replies":[{"embeddable":true,"href":"https:\/\/formalprision.com\/index.php?rest_route=%2Fwp%2Fv2%2Fcomments&post=42456"}],"version-history":[{"count":0,"href":"https:\/\/formalprision.com\/index.php?rest_route=\/wp\/v2\/posts\/42456\/revisions"}],"wp:featuredmedia":[{"embeddable":true,"href":"https:\/\/formalprision.com\/index.php?rest_route=\/wp\/v2\/media\/42458"}],"wp:attachment":[{"href":"https:\/\/formalprision.com\/index.php?rest_route=%2Fwp%2Fv2%2Fmedia&parent=42456"}],"wp:term":[{"taxonomy":"category","embeddable":true,"href":"https:\/\/formalprision.com\/index.php?rest_route=%2Fwp%2Fv2%2Fcategories&post=42456"},{"taxonomy":"post_tag","embeddable":true,"href":"https:\/\/formalprision.com\/index.php?rest_route=%2Fwp%2Fv2%2Ftags&post=42456"}],"curies":[{"name":"wp","href":"https:\/\/api.w.org\/{rel}","templated":true}]}}