{"id":42466,"date":"2016-04-11T06:25:43","date_gmt":"2016-04-11T11:25:43","guid":{"rendered":"http:\/\/formalprision.com\/?p=42466"},"modified":"2016-04-11T21:49:42","modified_gmt":"2016-04-12T02:49:42","slug":"empieza-una-semana-de-calor-endemoniado-y-radiacion-solar-extrema","status":"publish","type":"post","link":"https:\/\/formalprision.com\/?p=42466","title":{"rendered":"Empieza una semana de &#8216;calor endemoniado&#8217; y radiaci\u00f3n solar extrema"},"content":{"rendered":"<p>Inicia la semana con malas noticias: habr\u00e1 calor extremo y la radiaci\u00f3n solar ser\u00e1 muy peligrosa.<br \/>\nDebido a un fen\u00f3meno conocido como &#8216;anticicl\u00f3n&#8217;, se pronostican temperaturas extremadamente calurosas a lo largo de esta semana en la Pen\u00ednsula de Yucat\u00e1n, pero especialmente en Campeche y Yucat\u00e1n.<br \/>\nUna caracter\u00edstica especial de esta ola de calor, seg\u00fan los meteor\u00f3logos, es que las temperaturas extremas, de 35 grados o m\u00e1s, se prolongar\u00e1n mas de seis horas al d\u00eda, por ejemplo, de las 11 de la ma\u00f1ana a las 6 de la tarde habr\u00e1 siempre m\u00e1s de 35 grados, lleg\u00e1ndose incluso a los 40\u00b0 en ese lapso.<br \/>\nDe acuerdo con los expertos, las altas temperaturas obedecen a la permanencia sobre la regi\u00f3n de un sistema anticicl\u00f3nico o de alta presi\u00f3n, de manera que durante los pr\u00f3ximos d\u00edas se presentar\u00e1n condiciones de cielo de despejado a parcialmente nublado, con escasa probabilidad de precipitaciones y noches y ma\u00f1anas con temperaturas c\u00e1lidas.<br \/>\n<a href=\"http:\/\/formalprision.com\/wp-content\/uploads\/2016\/04\/IMG_20160410_224826.jpg\" rel=\"attachment wp-att-42468\"><img loading=\"lazy\" decoding=\"async\" class=\"alignnone size-medium wp-image-42468\" src=\"http:\/\/formalprision.com\/wp-content\/uploads\/2016\/04\/IMG_20160410_224826-300x177.jpg\" alt=\"IMG_20160410_224826\" width=\"300\" height=\"177\" srcset=\"https:\/\/formalprision.com\/wp-content\/uploads\/2016\/04\/IMG_20160410_224826-300x177.jpg 300w, https:\/\/formalprision.com\/wp-content\/uploads\/2016\/04\/IMG_20160410_224826-768x454.jpg 768w, https:\/\/formalprision.com\/wp-content\/uploads\/2016\/04\/IMG_20160410_224826.jpg 1024w\" sizes=\"auto, (max-width: 300px) 100vw, 300px\" \/><\/a><br \/>\nEn tal sentido, para este lunes se prev\u00e9n valores de 34 a 38 grados celsius para Yucat\u00e1n.<br \/>\nPara el martes se anticipan de nuevo registros de 34 a 38 grados celsius para Yucat\u00e1n y Campeche, con la probabilidad de valores un poco m\u00e1s altos en ciertas zonas.<br \/>\nPara el mi\u00e9rcoles se prev\u00e9 que el term\u00f3metro en los estados de Yucat\u00e1n y Campeche se ubique entre los 36 y los 40 grados celsius,<br \/>\nEl otro problema es el alto \u00edndice de la radiaci\u00f3n solar que se pronostica, por lo que se recomienda no exponerse demasiado en las horas de mayor radiaci\u00f3n solar, entre las 12 del d\u00eda y las 4 de la tarde.<br \/>\nSi se realiza alguna actividad al aire libre, se recomienda usar gorra, sombrero y playera o camisa de manga larga. Estas recomendaciones se hacen de manera especial para la poblaci\u00f3n infantil y personas de la tercera edad.<br \/>\nA finales de marzo, el \u00edndice UV en M\u00e9rida lleg\u00f3 a 13, considerado extremadamente alto si se toma en cuenta que el tope es de 15.<br \/>\nSi no se toman precauciones se pueden sufrir graves quemaduras e incluso c\u00e1ncer de piel.<br \/>\nSe recomienda a la gente caminar siempre bajo la sombra, tomar muchos l\u00edquidos y evitar hacer ejercicio en el horario de m\u00e1s calor, incluso usar bloqueador solar.<\/p>\n","protected":false},"excerpt":{"rendered":"<p>Inicia la semana con malas noticias: habr\u00e1 calor extremo y la radiaci\u00f3n solar ser\u00e1 muy peligrosa. Debido a un fen\u00f3meno conocido como &#8216;anticicl\u00f3n&#8217;, se pronostican temperaturas extremadamente calurosas a lo<\/p>\n","protected":false},"author":1,"featured_media":42467,"comment_status":"open","ping_status":"open","sticky":false,"template":"","format":"standard","meta":{"jetpack_post_was_ever_published":false,"_jetpack_newsletter_access":"","_jetpack_dont_email_post_to_subs":false,"_jetpack_newsletter_tier_id":0,"_jetpack_memberships_contains_paywalled_content":false,"_jetpack_memberships_contains_paid_content":false,"footnotes":"","jetpack_publicize_message":"","jetpack_publicize_feature_enabled":true,"jetpack_social_post_already_shared":true,"jetpack_social_options":{"image_generator_settings":{"template":"highway","default_image_id":0,"font":"","enabled":false},"version":2}},"categories":[3,54],"tags":[],"class_list":["post-42466","post","type-post","status-publish","format-standard","has-post-thumbnail","hentry","category-portada","category-yucatan"],"jetpack_publicize_connections":[],"jetpack_featured_media_url":"https:\/\/formalprision.com\/wp-content\/uploads\/2016\/04\/images-7.jpg","jetpack_sharing_enabled":true,"jetpack_shortlink":"https:\/\/wp.me\/p6id8p-b2W","_links":{"self":[{"href":"https:\/\/formalprision.com\/index.php?rest_route=\/wp\/v2\/posts\/42466","targetHints":{"allow":["GET"]}}],"collection":[{"href":"https:\/\/formalprision.com\/index.php?rest_route=\/wp\/v2\/posts"}],"about":[{"href":"https:\/\/formalprision.com\/index.php?rest_route=\/wp\/v2\/types\/post"}],"author":[{"embeddable":true,"href":"https:\/\/formalprision.com\/index.php?rest_route=\/wp\/v2\/users\/1"}],"replies":[{"embeddable":true,"href":"https:\/\/formalprision.com\/index.php?rest_route=%2Fwp%2Fv2%2Fcomments&post=42466"}],"version-history":[{"count":0,"href":"https:\/\/formalprision.com\/index.php?rest_route=\/wp\/v2\/posts\/42466\/revisions"}],"wp:featuredmedia":[{"embeddable":true,"href":"https:\/\/formalprision.com\/index.php?rest_route=\/wp\/v2\/media\/42467"}],"wp:attachment":[{"href":"https:\/\/formalprision.com\/index.php?rest_route=%2Fwp%2Fv2%2Fmedia&parent=42466"}],"wp:term":[{"taxonomy":"category","embeddable":true,"href":"https:\/\/formalprision.com\/index.php?rest_route=%2Fwp%2Fv2%2Fcategories&post=42466"},{"taxonomy":"post_tag","embeddable":true,"href":"https:\/\/formalprision.com\/index.php?rest_route=%2Fwp%2Fv2%2Ftags&post=42466"}],"curies":[{"name":"wp","href":"https:\/\/api.w.org\/{rel}","templated":true}]}}