{"id":425,"date":"2015-04-25T01:17:00","date_gmt":"2015-04-25T01:17:00","guid":{"rendered":"http:\/\/formalprision.info\/2015\/04\/25\/se-suicida-interno-del-pena\/"},"modified":"2015-06-03T08:22:21","modified_gmt":"2015-06-03T08:22:21","slug":"se-suicida-interno-del-pena","status":"publish","type":"post","link":"https:\/\/formalprision.com\/?p=425","title":{"rendered":"Se suicida interno del penal"},"content":{"rendered":"<div class=\"\" style=\"color: rgba(0, 0, 0, 0.701961); font-family: UICTFontTextStyleBody; font-size: 29px; -webkit-composition-fill-color: rgba(130, 98, 83, 0.0980392);\">El recluso Gabriel Arc\u00e1ngel Contreras Contreras, de 28 a\u00f1os, se suicid\u00f3 en la madrugada en el penal meridano.<\/div>\n<div class=\"\" style=\"color: rgba(0, 0, 0, 0.701961); font-family: UICTFontTextStyleBody; font-size: 29px; -webkit-composition-fill-color: rgba(130, 98, 83, 0.0980392);\">Se suicid\u00f3 en su celda. El cuerpo fue encontrado luego del pase de lista de la ma\u00f1ana, cuando no respondi\u00f3 al llamado, de manera que un guardia fue a la celda y lo hall\u00f3 &nbsp;muerto.<\/div>\n<div id=\"yui_3_16_0_1_1429916068059_2879\" class=\"\" style=\"color: rgba(0, 0, 0, 0.701961); font-family: UICTFontTextStyleBody; font-size: 29px; -webkit-composition-fill-color: rgba(130, 98, 83, 0.0980392);\">En el lugar, especialistas del Servicio M\u00e9dico Forense levantaron el cuerpo, determinando que &nbsp;falleci\u00f3 de asfixia por ahorcamiento,<\/div>\n<div class=\"\" style=\"color: rgba(0, 0, 0, 0.701961); font-family: UICTFontTextStyleBody; font-size: 29px; -webkit-composition-fill-color: rgba(130, 98, 83, 0.0980392);\">En su reporte, los m\u00e9dicos forenses se\u00f1alan que el cuerpo del occiso no presentaba lesiones externas o alg\u00fan dato de violencia, salvo la encontrada en la zona del cuello.<\/div>\n<div class=\"\" style=\"color: rgba(0, 0, 0, 0.701961); font-family: UICTFontTextStyleBody; font-size: 29px; -webkit-composition-fill-color: rgba(130, 98, 83, 0.0980392);\">Contreras Contreras ingres\u00f3 al penal en el 2009, denunciado por los cargos de estupro y corrupci\u00f3n de menores.<\/div>\n<div class=\"\" style=\"color: rgba(0, 0, 0, 0.701961); font-family: UICTFontTextStyleBody; font-size: 29px; -webkit-composition-fill-color: rgba(130, 98, 83, 0.0980392);\">Las causas que lo orillaron a suicidarse tienen relaci\u00f3n con su reclusi\u00f3n, es decir la depresi\u00f3n por la soledad y el encierro.<\/div>\n<div class=\"\" style=\"color: rgba(0, 0, 0, 0.701961); font-family: UICTFontTextStyleBody; font-size: 29px; -webkit-composition-fill-color: rgba(130, 98, 83, 0.0980392);\">El cuerpo fue reclamado este mismo d\u00eda por la mam\u00e1 del occiso, se\u00f1ora Marlene Contreras Perera.<\/div>\n<div class=\"\" style=\"color: rgba(0, 0, 0, 0.701961); font-family: UICTFontTextStyleBody; font-size: 29px; -webkit-composition-fill-color: rgba(130, 98, 83, 0.0980392);\">\n<div class=\"separator\" style=\"clear: both;\"><a href=\"https:\/\/lh3.googleusercontent.com\/-6HwVLLgrZ4s\/VTrrcvuRLJI\/AAAAAAAAnpc\/zX8e2KbFfeU\/s640\/blogger-image-33510471.jpg\" imageanchor=\"1\" style=\"margin-left: 1em; margin-right: 1em;\"><img decoding=\"async\" border=\"0\" src=\"https:\/\/lh3.googleusercontent.com\/-6HwVLLgrZ4s\/VTrrcvuRLJI\/AAAAAAAAnpc\/zX8e2KbFfeU\/s640\/blogger-image-33510471.jpg\"><\/a><\/div>\n<p><\/div>\n<div id=\"yui_3_16_0_1_1429916068059_2880\" class=\"\" style=\"color: rgba(0, 0, 0, 0.701961); font-family: UICTFontTextStyleBody; font-size: 29px; -webkit-composition-fill-color: rgba(130, 98, 83, 0.0980392);\">&nbsp;<\/div>\n","protected":false},"excerpt":{"rendered":"<p>El recluso Gabriel Arc\u00e1ngel Contreras Contreras, de 28 a\u00f1os, se suicid\u00f3 en la madrugada en el penal meridano. Se suicid\u00f3 en su celda. El cuerpo fue encontrado luego del pase<\/p>\n","protected":false},"author":1,"featured_media":10891,"comment_status":"open","ping_status":"open","sticky":false,"template":"","format":"standard","meta":{"jetpack_post_was_ever_published":false,"_jetpack_newsletter_access":"","_jetpack_dont_email_post_to_subs":false,"_jetpack_newsletter_tier_id":0,"_jetpack_memberships_contains_paywalled_content":false,"_jetpack_memberships_contains_paid_content":false,"footnotes":"","jetpack_publicize_message":"","jetpack_publicize_feature_enabled":true,"jetpack_social_post_already_shared":false,"jetpack_social_options":{"image_generator_settings":{"template":"highway","default_image_id":0,"font":"","enabled":false},"version":2}},"categories":[7,9,3,1],"tags":[],"class_list":["post-425","post","type-post","status-publish","format-standard","has-post-thumbnail","hentry","category-breves","category-destacadas","category-portada","category-sin-categoria"],"jetpack_publicize_connections":[],"jetpack_featured_media_url":"https:\/\/formalprision.com\/wp-content\/uploads\/2015\/04\/blogger-image-33510471.jpg","jetpack_sharing_enabled":true,"jetpack_shortlink":"https:\/\/wp.me\/p6id8p-6R","_links":{"self":[{"href":"https:\/\/formalprision.com\/index.php?rest_route=\/wp\/v2\/posts\/425","targetHints":{"allow":["GET"]}}],"collection":[{"href":"https:\/\/formalprision.com\/index.php?rest_route=\/wp\/v2\/posts"}],"about":[{"href":"https:\/\/formalprision.com\/index.php?rest_route=\/wp\/v2\/types\/post"}],"author":[{"embeddable":true,"href":"https:\/\/formalprision.com\/index.php?rest_route=\/wp\/v2\/users\/1"}],"replies":[{"embeddable":true,"href":"https:\/\/formalprision.com\/index.php?rest_route=%2Fwp%2Fv2%2Fcomments&post=425"}],"version-history":[{"count":0,"href":"https:\/\/formalprision.com\/index.php?rest_route=\/wp\/v2\/posts\/425\/revisions"}],"wp:featuredmedia":[{"embeddable":true,"href":"https:\/\/formalprision.com\/index.php?rest_route=\/wp\/v2\/media\/10891"}],"wp:attachment":[{"href":"https:\/\/formalprision.com\/index.php?rest_route=%2Fwp%2Fv2%2Fmedia&parent=425"}],"wp:term":[{"taxonomy":"category","embeddable":true,"href":"https:\/\/formalprision.com\/index.php?rest_route=%2Fwp%2Fv2%2Fcategories&post=425"},{"taxonomy":"post_tag","embeddable":true,"href":"https:\/\/formalprision.com\/index.php?rest_route=%2Fwp%2Fv2%2Ftags&post=425"}],"curies":[{"name":"wp","href":"https:\/\/api.w.org\/{rel}","templated":true}]}}