{"id":42647,"date":"2016-04-14T13:28:53","date_gmt":"2016-04-14T18:28:53","guid":{"rendered":"http:\/\/formalprision.com\/?p=42647"},"modified":"2016-04-14T13:28:53","modified_gmt":"2016-04-14T18:28:53","slug":"combaten-incendio-en-la-casa-de-las-artesanias","status":"publish","type":"post","link":"https:\/\/formalprision.com\/?p=42647","title":{"rendered":"Combaten incendio en la Casa de las Artesan\u00edas"},"content":{"rendered":"<p>Un cortocircuito debajo del piso de duela en una habitaci\u00f3n de la planta alta de la Casa de las Artesan\u00edas, en las primeras horas de este jueves, provoc\u00f3 que en pocos minutos saliera densa humareda de esas instalaciones y se diera aviso oportuno a la Polic\u00eda Municipal y a los Bomberos.<\/p>\n<p>En menos de 40 minutos el fuego fue controlado sin que ocasionara grandes da\u00f1os o p\u00e9rdidas, ya que se provoc\u00f3 en un sal\u00f3n que se utiliza para la pr\u00e1ctica de danza en el cual no hab\u00eda equipo o material resguardado.<\/p>\n<p>El reporte \u00a0estuvo a cargo del vigilante de la Casa de las Artesan\u00edas, ubicada en la calle 63 entre 64 y 66 del Centro Hist\u00f3rico a las 6:40 de la ma\u00f1ana, por lo que los primeros en llegar fueron elementos de la Polic\u00eda Municipal, quienes procedieron al cierre de ese tramo y realizar una revisi\u00f3n para ubicar el lugar del siniestro.<\/p>\n<p>Al llegar las unidades 862, 780, 716 de Bomberos, as\u00ed como el veh\u00edculo de rescate No. 5621, de la Secretar\u00eda de Seguridad P\u00fablica, los esfuerzos se centraron en dicha habitaci\u00f3n, donde se tuvo que levantar el piso de madera para asegurar el lugar de otro posible siniestro y verificar que fue ah\u00ed donde comenz\u00f3.<\/p>\n<p>El fuego fue controlado poco antes de las 7:20 de la ma\u00f1ana y a partir de las 8:00 horas se reanud\u00f3 el paso del tr\u00e1nsito, toda vez que los veh\u00edculos de rescate ya se hab\u00edan retirado.<\/p>\n","protected":false},"excerpt":{"rendered":"<p>Un cortocircuito debajo del piso de duela en una habitaci\u00f3n de la planta alta de la Casa de las Artesan\u00edas, en las primeras horas de este jueves, provoc\u00f3 que en<\/p>\n","protected":false},"author":1,"featured_media":42648,"comment_status":"open","ping_status":"open","sticky":false,"template":"","format":"standard","meta":{"jetpack_post_was_ever_published":false,"_jetpack_newsletter_access":"","_jetpack_dont_email_post_to_subs":false,"_jetpack_newsletter_tier_id":0,"_jetpack_memberships_contains_paywalled_content":false,"_jetpack_memberships_contains_paid_content":false,"footnotes":"","jetpack_publicize_message":"","jetpack_publicize_feature_enabled":true,"jetpack_social_post_already_shared":true,"jetpack_social_options":{"image_generator_settings":{"template":"highway","default_image_id":0,"font":"","enabled":false},"version":2}},"categories":[56,14],"tags":[],"class_list":["post-42647","post","type-post","status-publish","format-standard","has-post-thumbnail","hentry","category-incendios","category-merida"],"jetpack_publicize_connections":[],"jetpack_featured_media_url":"https:\/\/formalprision.com\/wp-content\/uploads\/2016\/04\/image-16.jpg","jetpack_sharing_enabled":true,"jetpack_shortlink":"https:\/\/wp.me\/p6id8p-b5R","_links":{"self":[{"href":"https:\/\/formalprision.com\/index.php?rest_route=\/wp\/v2\/posts\/42647","targetHints":{"allow":["GET"]}}],"collection":[{"href":"https:\/\/formalprision.com\/index.php?rest_route=\/wp\/v2\/posts"}],"about":[{"href":"https:\/\/formalprision.com\/index.php?rest_route=\/wp\/v2\/types\/post"}],"author":[{"embeddable":true,"href":"https:\/\/formalprision.com\/index.php?rest_route=\/wp\/v2\/users\/1"}],"replies":[{"embeddable":true,"href":"https:\/\/formalprision.com\/index.php?rest_route=%2Fwp%2Fv2%2Fcomments&post=42647"}],"version-history":[{"count":0,"href":"https:\/\/formalprision.com\/index.php?rest_route=\/wp\/v2\/posts\/42647\/revisions"}],"wp:featuredmedia":[{"embeddable":true,"href":"https:\/\/formalprision.com\/index.php?rest_route=\/wp\/v2\/media\/42648"}],"wp:attachment":[{"href":"https:\/\/formalprision.com\/index.php?rest_route=%2Fwp%2Fv2%2Fmedia&parent=42647"}],"wp:term":[{"taxonomy":"category","embeddable":true,"href":"https:\/\/formalprision.com\/index.php?rest_route=%2Fwp%2Fv2%2Fcategories&post=42647"},{"taxonomy":"post_tag","embeddable":true,"href":"https:\/\/formalprision.com\/index.php?rest_route=%2Fwp%2Fv2%2Ftags&post=42647"}],"curies":[{"name":"wp","href":"https:\/\/api.w.org\/{rel}","templated":true}]}}