{"id":427,"date":"2015-04-24T21:29:00","date_gmt":"2015-04-24T21:29:00","guid":{"rendered":"http:\/\/formalprision.info\/2015\/04\/24\/participa-rolando-zapata-en-la-primera\/"},"modified":"2015-06-03T08:22:21","modified_gmt":"2015-06-03T08:22:21","slug":"participa-rolando-zapata-en-la-primera","status":"publish","type":"post","link":"https:\/\/formalprision.com\/?p=427","title":{"rendered":"Participa Rolando Zapata en la primera Feria Aeroespacial M\u00e9xico 2015"},"content":{"rendered":"<h2 style=\"margin-right: 0cm; margin-left: 0cm;\">M\u00e9xico, D.F., 24 de abril de 2015.- El Gobernador Rolando Zapata Bello realiz\u00f3 una destacada exposici\u00f3n de las ventajas y potencialidades que tiene Yucat\u00e1n a inversionistas, miembros de las Fuerzas Armadas y representantes de diversos pa\u00edses de Am\u00e9rica y Europa que participan en la Feria Aeroespacial M\u00e9xico 2015, magno evento de la aeron\u00e1utica civil, militar y de defensa que por primera vez se realiza en el pa\u00eds.<\/h2>\n<h2 style=\"margin-right: 0cm; margin-left: 0cm;\">Durante su presentaci\u00f3n, realizada en el Museo Nacional de Antropolog\u00eda e Historia de la capital del pa\u00eds, el mandatario reafirm\u00f3 que elementos como la seguridad social, el fortalecimiento del Estado de Derecho y la mano de obra capaz y calificada con la que cuenta la entidad son detonantes importantes para impulsar una mayor actividad de la industria aeron\u00e1utica en Yucat\u00e1n.<\/h2>\n<h2 style=\"margin-right: 0cm; margin-left: 0cm;\">Ante los secretarios de la Defensa Nacional, Salvador Cienfuegos Zepeda, y de Marina, Vidal Francisco Sober\u00f3n Sanz, el Gobernador expuso que Yucat\u00e1n, adem\u00e1s, tiene una privilegiada posici\u00f3n geogr\u00e1fica frente a las aguas del Golfo de M\u00e9xico, aunado a dos aeropuertos internacionales y un puerto de altura en Progreso que presenta caracter\u00edsticas ideales para manejo de carga contenerizada.<\/h2>\n<h2 style=\"margin-right: 0cm; margin-left: 0cm;\">En el estado, asever\u00f3, se trabaja en establecer un mapa de ruta que, con base en el modelo de la triple h\u00e9lice que involucra a la academia, industria y gobierno, ayude a fortalecer el crecimiento del rubro aeroespacial en la entidad y con ello, construir una visi\u00f3n colectiva e integral para el futuro de dicho sector.&nbsp;<\/h2>\n<h2 style=\"margin-right: 0cm; margin-left: 0cm;\">Entre otros nichos de oportunidad que el titular del Ejecutivo estatal recalc\u00f3 como ventanas abiertas para el establecimiento de m\u00e1s empresas del ramo en Yucat\u00e1n est\u00e1n los servicios y mantenimiento de aeronaves y otros elementos.<\/h2>\n<h2 style=\"margin-right: 0cm; margin-left: 0cm;\">Asimismo, su ubicaci\u00f3n estrat\u00e9gica brinda opciones de proveedur\u00eda a otras regiones de Centroam\u00e9rica y Estados Unidos, con lo cual se pueden aprovechar&nbsp; las capacidades e infraestructura del Parque Cient\u00edfico y Tecnol\u00f3gico, donde se establecer\u00e1 una Unidad de la Agencia Espacial Mexicana.<\/h2>\n<h2 style=\"margin-right: 0cm; margin-left: 0cm;\">La Feria Aeroespacial M\u00e9xico 2015, que se realiza &nbsp;<a href=\"x-apple-data-detectors:\/\/1\" x-apple-data-detectors=\"true\" x-apple-data-detectors-type=\"calendar-event\" x-apple-data-detectors-result=\"1\" style=\"font-size: 19px; background-color: rgba(255, 255, 255, 0);\">del 22 al 25 de abril<\/a>, es el primer evento que se organiza en el pa\u00eds con estas caracter\u00edsticas. La sede es la Base A\u00e9rea Militar n\u00famero 1 en Santa Luc\u00eda, Estado de M\u00e9xico.<\/h2>\n<h2 style=\"margin-right: 0cm; margin-left: 0cm;\">La exposici\u00f3n cuenta con 112 mil metros cuadrados de piso en donde&nbsp; se albergan muestras, adem\u00e1s de que se agendan y concretan citas de negocios entre representantes de los sectores p\u00fablico, privado y militar que en ella participan.<\/h2>\n<div>\n<div class=\"separator\" style=\"clear: both;\"><a href=\"https:\/\/lh3.googleusercontent.com\/-9XDzCJb-Gks\/VTq2Z77VwWI\/AAAAAAAAnpI\/LlW_8-mxWUo\/s640\/blogger-image--831085146.jpg\" imageanchor=\"1\" style=\"margin-left: 1em; margin-right: 1em;\"><img decoding=\"async\" border=\"0\" src=\"https:\/\/lh3.googleusercontent.com\/-9XDzCJb-Gks\/VTq2Z77VwWI\/AAAAAAAAnpI\/LlW_8-mxWUo\/s640\/blogger-image--831085146.jpg\"><\/a><\/div>\n<p><\/div>\n<div><\/div>\n<h2 style=\"margin-right: 0cm; margin-left: 0cm;\"><b style=\"font-size: 19px; background-color: rgba(255, 255, 255, 0);\">&nbsp;<\/b><\/p>\n<div><b style=\"font-size: 19px; background-color: rgba(255, 255, 255, 0);\"><br \/><\/b><\/div>\n<\/h2>\n","protected":false},"excerpt":{"rendered":"<p>M\u00e9xico, D.F., 24 de abril de 2015.- El Gobernador Rolando Zapata Bello realiz\u00f3 una destacada exposici\u00f3n de las ventajas y potencialidades que tiene Yucat\u00e1n a inversionistas, miembros de las Fuerzas<\/p>\n","protected":false},"author":1,"featured_media":10895,"comment_status":"open","ping_status":"open","sticky":false,"template":"","format":"standard","meta":{"jetpack_post_was_ever_published":false,"_jetpack_newsletter_access":"","_jetpack_dont_email_post_to_subs":false,"_jetpack_newsletter_tier_id":0,"_jetpack_memberships_contains_paywalled_content":false,"_jetpack_memberships_contains_paid_content":false,"footnotes":"","jetpack_publicize_message":"","jetpack_publicize_feature_enabled":true,"jetpack_social_post_already_shared":false,"jetpack_social_options":{"image_generator_settings":{"template":"highway","default_image_id":0,"font":"","enabled":false},"version":2}},"categories":[17,1],"tags":[],"class_list":["post-427","post","type-post","status-publish","format-standard","has-post-thumbnail","hentry","category-politica-y-gobierno","category-sin-categoria"],"jetpack_publicize_connections":[],"jetpack_featured_media_url":"https:\/\/formalprision.com\/wp-content\/uploads\/2015\/04\/blogger-image-831085146.jpg","jetpack_sharing_enabled":true,"jetpack_shortlink":"https:\/\/wp.me\/p6id8p-6T","_links":{"self":[{"href":"https:\/\/formalprision.com\/index.php?rest_route=\/wp\/v2\/posts\/427","targetHints":{"allow":["GET"]}}],"collection":[{"href":"https:\/\/formalprision.com\/index.php?rest_route=\/wp\/v2\/posts"}],"about":[{"href":"https:\/\/formalprision.com\/index.php?rest_route=\/wp\/v2\/types\/post"}],"author":[{"embeddable":true,"href":"https:\/\/formalprision.com\/index.php?rest_route=\/wp\/v2\/users\/1"}],"replies":[{"embeddable":true,"href":"https:\/\/formalprision.com\/index.php?rest_route=%2Fwp%2Fv2%2Fcomments&post=427"}],"version-history":[{"count":0,"href":"https:\/\/formalprision.com\/index.php?rest_route=\/wp\/v2\/posts\/427\/revisions"}],"wp:featuredmedia":[{"embeddable":true,"href":"https:\/\/formalprision.com\/index.php?rest_route=\/wp\/v2\/media\/10895"}],"wp:attachment":[{"href":"https:\/\/formalprision.com\/index.php?rest_route=%2Fwp%2Fv2%2Fmedia&parent=427"}],"wp:term":[{"taxonomy":"category","embeddable":true,"href":"https:\/\/formalprision.com\/index.php?rest_route=%2Fwp%2Fv2%2Fcategories&post=427"},{"taxonomy":"post_tag","embeddable":true,"href":"https:\/\/formalprision.com\/index.php?rest_route=%2Fwp%2Fv2%2Ftags&post=427"}],"curies":[{"name":"wp","href":"https:\/\/api.w.org\/{rel}","templated":true}]}}