{"id":428,"date":"2015-04-24T21:24:00","date_gmt":"2015-04-24T21:24:00","guid":{"rendered":"http:\/\/formalprision.info\/2015\/04\/24\/inicia-paloma-angulo-consulta-ciudadana\/"},"modified":"2015-06-03T08:22:21","modified_gmt":"2015-06-03T08:22:21","slug":"inicia-paloma-angulo-consulta-ciudadana","status":"publish","type":"post","link":"https:\/\/formalprision.com\/?p=428","title":{"rendered":"Inicia Paloma Angulo consulta ciudadana"},"content":{"rendered":"<h2 style=\"color: rgba(0, 0, 0, 0.701961); font-family: UICTFontTextStyleBody; -webkit-composition-fill-color: rgba(130, 98, 83, 0.0980392); font-weight: bold; margin-right: 0cm; margin-left: 0cm;\"><b>MERIDA, Yucat\u00e1n, a 24 de abril de 2015.<\/b>&nbsp;A partir de&nbsp;<a href=\"x-apple-data-detectors:\/\/2\" x-apple-data-detectors=\"true\" x-apple-data-detectors-type=\"calendar-event\" x-apple-data-detectors-result=\"2\">pr\u00f3ximo lunes<\/a>&nbsp;27 y hasta&nbsp;<a href=\"x-apple-data-detectors:\/\/3\" x-apple-data-detectors=\"true\" x-apple-data-detectors-type=\"calendar-event\" x-apple-data-detectors-result=\"3\">el 15 de mayo<\/a>&nbsp;pr\u00f3ximo, la candidata a diputada por el Distrito III local, Paloma Angulo, llevar\u00e1 al cabo una consulta ciudadana, a fin de obtener propuestas de nuevas leyes o de reformas, que pasar\u00edan a formar parte de su agenda legislativa&nbsp;<a href=\"tel:2015-2108\" x-apple-data-detectors=\"true\" x-apple-data-detectors-type=\"telephone\" x-apple-data-detectors-result=\"4\">2015-2108<\/a>, en caso de que el voto le favorezca&nbsp;<a href=\"x-apple-data-detectors:\/\/5\" x-apple-data-detectors=\"true\" x-apple-data-detectors-type=\"calendar-event\" x-apple-data-detectors-result=\"5\">el 7 de junio<\/a>.Explic\u00f3 que este ejercicio tiene como intenci\u00f3n abrir un espacio directo para recibir ideas que puedan traducirse en iniciativas que tiendan a mejorar el Estado de Derecho que hoy nos rige y, por tanto, lograr una convivencia m\u00e1s sana y sustentable.Para tal efecto la candidata convoca a la sociedad, para que, ya sea de modo personal o en representaci\u00f3n de alguna agrupaci\u00f3n, le remita propuestas a su casa de campa\u00f1a ubicada en Plaza Jade, local No. 7, en la calle 31 No. 682 entre 80 y 86 ciudad Caucel, o bien al correo&nbsp;<a href=\"mailto:contacto@palomaangulo.mx\">contacto@palomaangulo.mx<\/a>Los interesados en participar, agreg\u00f3, deber\u00e1n proporcionar sus datos personales: nombre, direcci\u00f3n, tel\u00e9fono, correo electr\u00f3nico y detallar el nombre de su propuesta, as\u00ed como un breve desarrollo de la misma y la forma en que la echar\u00eda a andar.-No estamos pidiendo estudios complicados, simplemente ideas que pueden estar plasmadas en cuatro o cinco cuartillas de Word \u2013manifest\u00f3 la candidata.Detall\u00f3 que los temas sobre los cuales recibir\u00e1 proposiciones son 8: Infraestructura, Desarrollo Social, Seguridad, Medio ambiente, \u00c9tica y buen gobierno, Desarrollo Econ\u00f3mico, Innovaci\u00f3n y tecnolog\u00edas, y Equidad de g\u00e9nero.<b style=\"font-size: 19px; background-color: rgba(255, 255, 255, 0);\">Legislar\u00e1 con los ciudadanos<\/b>De acuerdo con la convocatoria la candidata ofrece que en todo momento se dar\u00e1 a conocer qui\u00e9n o qui\u00e9nes son los autores de cada propuesta y anticipa que el desarrollo de las mismas, en caso de que llegue al Congreso, ser\u00e1 en coordinaci\u00f3n con ella y sus autores.La regidora con licencia aclar\u00f3 que ya cuenta con una base de propuestas para la agenda 2015-2018 misma que dar\u00e1 a conocer en los pr\u00f3ximos d\u00edas.<\/p>\n<div class=\"separator\" style=\"clear: both;\"><a href=\"https:\/\/lh3.googleusercontent.com\/-FiZ6A9XLWrI\/VTq04jSYM1I\/AAAAAAAAno8\/2VNkEyFgYTA\/s640\/blogger-image-1058193231.jpg\" imageanchor=\"1\" style=\"margin-left: 1em; margin-right: 1em;\"><img decoding=\"async\" border=\"0\" src=\"https:\/\/lh3.googleusercontent.com\/-FiZ6A9XLWrI\/VTq04jSYM1I\/AAAAAAAAno8\/2VNkEyFgYTA\/s640\/blogger-image-1058193231.jpg\"><\/a><\/div>\n<p><\/h2>\n","protected":false},"excerpt":{"rendered":"<p>MERIDA, Yucat\u00e1n, a 24 de abril de 2015.&nbsp;A partir de&nbsp;pr\u00f3ximo lunes&nbsp;27 y hasta&nbsp;el 15 de mayo&nbsp;pr\u00f3ximo, la candidata a diputada por el Distrito III local, Paloma Angulo, llevar\u00e1 al cabo<\/p>\n","protected":false},"author":1,"featured_media":10897,"comment_status":"open","ping_status":"open","sticky":false,"template":"","format":"standard","meta":{"jetpack_post_was_ever_published":false,"_jetpack_newsletter_access":"","_jetpack_dont_email_post_to_subs":false,"_jetpack_newsletter_tier_id":0,"_jetpack_memberships_contains_paywalled_content":false,"_jetpack_memberships_contains_paid_content":false,"footnotes":"","jetpack_publicize_message":"","jetpack_publicize_feature_enabled":true,"jetpack_social_post_already_shared":false,"jetpack_social_options":{"image_generator_settings":{"template":"highway","default_image_id":0,"font":"","enabled":false},"version":2}},"categories":[17,1],"tags":[],"class_list":["post-428","post","type-post","status-publish","format-standard","has-post-thumbnail","hentry","category-politica-y-gobierno","category-sin-categoria"],"jetpack_publicize_connections":[],"jetpack_featured_media_url":"https:\/\/formalprision.com\/wp-content\/uploads\/2015\/04\/blogger-image-1058193231.jpg","jetpack_sharing_enabled":true,"jetpack_shortlink":"https:\/\/wp.me\/p6id8p-6U","_links":{"self":[{"href":"https:\/\/formalprision.com\/index.php?rest_route=\/wp\/v2\/posts\/428","targetHints":{"allow":["GET"]}}],"collection":[{"href":"https:\/\/formalprision.com\/index.php?rest_route=\/wp\/v2\/posts"}],"about":[{"href":"https:\/\/formalprision.com\/index.php?rest_route=\/wp\/v2\/types\/post"}],"author":[{"embeddable":true,"href":"https:\/\/formalprision.com\/index.php?rest_route=\/wp\/v2\/users\/1"}],"replies":[{"embeddable":true,"href":"https:\/\/formalprision.com\/index.php?rest_route=%2Fwp%2Fv2%2Fcomments&post=428"}],"version-history":[{"count":0,"href":"https:\/\/formalprision.com\/index.php?rest_route=\/wp\/v2\/posts\/428\/revisions"}],"wp:featuredmedia":[{"embeddable":true,"href":"https:\/\/formalprision.com\/index.php?rest_route=\/wp\/v2\/media\/10897"}],"wp:attachment":[{"href":"https:\/\/formalprision.com\/index.php?rest_route=%2Fwp%2Fv2%2Fmedia&parent=428"}],"wp:term":[{"taxonomy":"category","embeddable":true,"href":"https:\/\/formalprision.com\/index.php?rest_route=%2Fwp%2Fv2%2Fcategories&post=428"},{"taxonomy":"post_tag","embeddable":true,"href":"https:\/\/formalprision.com\/index.php?rest_route=%2Fwp%2Fv2%2Ftags&post=428"}],"curies":[{"name":"wp","href":"https:\/\/api.w.org\/{rel}","templated":true}]}}