{"id":432,"date":"2015-04-24T15:36:00","date_gmt":"2015-04-24T15:36:00","guid":{"rendered":"http:\/\/formalprision.info\/2015\/04\/24\/quinceanera-se-vuelve-rebelde-porque-la\/"},"modified":"2015-06-03T08:22:22","modified_gmt":"2015-06-03T08:22:22","slug":"quinceanera-se-vuelve-rebelde-porque-la","status":"publish","type":"post","link":"https:\/\/formalprision.com\/?p=432","title":{"rendered":"Quincea\u00f1era se vuelve rebelde porque la violaban desde ni\u00f1a"},"content":{"rendered":"<div style=\"color: rgba(0, 0, 0, 0.701961); font-family: UICTFontTextStyleBody; font-size: 19px; -webkit-composition-fill-color: rgba(130, 98, 83, 0.0980392);\">Gracias a que su hija adolescente mostraba una conducta rebelde m\u00e1s all\u00e1 de la \u00abnormal\u00bb, una madre yucateca pudo saber que la mx chachota fue violada de ni\u00f1a.<\/div>\n<div style=\"color: rgba(0, 0, 0, 0.701961); font-family: UICTFontTextStyleBody; font-size: 19px; -webkit-composition-fill-color: rgba(130, 98, 83, 0.0980392);\">Esto permiti\u00f3 que el presunto agresor sexual fuera detenido, tras m\u00e1s de casi ocho a\u00f1os de abusos.<\/div>\n<div style=\"color: rgba(0, 0, 0, 0.701961); font-family: UICTFontTextStyleBody; font-size: 19px; -webkit-composition-fill-color: rgba(130, 98, 83, 0.0980392);\">Ahora, el acusado, Jorge Fernando Tzec Trejo (a) \u201cRuco\u201d, de 52 a\u00f1os de edad, enfrentar\u00e1 proceso penal por abuso sexual y violaci\u00f3n equiparada.<\/div>\n<div class=\"\" style=\"color: rgba(0, 0, 0, 0.701961); font-family: UICTFontTextStyleBody; font-size: 19px; -webkit-composition-fill-color: rgba(130, 98, 83, 0.0980392);\">El sujeto fue detenido gracias a una orden de captura emitida por el &nbsp;Juez Sexto Penal.<\/div>\n<div class=\"\" style=\"color: rgba(0, 0, 0, 0.701961); font-family: UICTFontTextStyleBody; font-size: 19px; -webkit-composition-fill-color: rgba(130, 98, 83, 0.0980392);\">De acuerdo con el expediente, los hechos ocurrieron en Motul, &nbsp;cuando la menor contaba con siete a\u00f1os de edad y acud\u00eda a casa de su t\u00eda, toda vez que Jorge Fernando es esposo de la mujer.<\/div>\n<div class=\"\" style=\"color: rgba(0, 0, 0, 0.701961); font-family: UICTFontTextStyleBody; font-size: 19px; -webkit-composition-fill-color: rgba(130, 98, 83, 0.0980392);\">La menor &nbsp;explic\u00f3 que primero s\u00f3lo la tocaba sobre la ropa, pero cuando cumpli\u00f3 nueve a\u00f1os, empezaron a subir de intensidad las caricias, hasta llegar a la violaci\u00f3n equiparada.<\/div>\n<div id=\"yui_3_16_0_1_1429827449799_2644\" class=\"\" style=\"color: rgba(0, 0, 0, 0.701961); font-family: UICTFontTextStyleBody; font-size: 19px; -webkit-composition-fill-color: rgba(130, 98, 83, 0.0980392);\">Como consecuencia de los hechos, a los 15 a\u00f1os, la menor afectada presentaba una conducta rebelde, por lo que la madre comenz\u00f3 a cuestionarla, de manera que su hija decidi\u00f3 contarle todo lo ocurrido, por lo que se &nbsp; denunciaron los hechos, exigiendo se castigue al autor de los ataques.<\/div>\n<div class=\"\" style=\"color: rgba(0, 0, 0, 0.701961); font-family: UICTFontTextStyleBody; font-size: 19px; -webkit-composition-fill-color: rgba(130, 98, 83, 0.0980392);\">Al ser evaluada por el personal del \u00e1rea de psicolog\u00eda de la Fiscal\u00eda General del Estado, se concluy\u00f3 que la menor presentaba afectaciones significativas relacionadas con los hechos denunciados.<\/div>\n<div id=\"yui_3_16_0_1_1429827449799_2618\" class=\"\" style=\"color: rgba(0, 0, 0, 0.701961); font-family: UICTFontTextStyleBody; font-size: 19px; -webkit-composition-fill-color: rgba(130, 98, 83, 0.0980392);\">Tras localizar al acusado, los agentes ministeriales le explicaron el motivo de la orden de aprehensi\u00f3n que existe en su contra, para posteriormente trasladarlo ante la autoridad que lo reclama.<\/div>\n<div id=\"yui_3_16_0_1_1429827449799_2618\" class=\"\" style=\"color: rgba(0, 0, 0, 0.701961); font-family: UICTFontTextStyleBody; font-size: 19px; -webkit-composition-fill-color: rgba(130, 98, 83, 0.0980392);\">\n<div class=\"separator\" style=\"clear: both;\"><a href=\"https:\/\/lh3.googleusercontent.com\/-mNGuQAM3uYI\/VTptzCUp9WI\/AAAAAAAAnos\/cCH5MpDVCX8\/s640\/blogger-image-1877466114.jpg\" imageanchor=\"1\" style=\"margin-left: 1em; margin-right: 1em;\"><img decoding=\"async\" border=\"0\" src=\"https:\/\/lh3.googleusercontent.com\/-mNGuQAM3uYI\/VTptzCUp9WI\/AAAAAAAAnos\/cCH5MpDVCX8\/s640\/blogger-image-1877466114.jpg\"><\/a><\/div>\n<p><\/div>\n","protected":false},"excerpt":{"rendered":"<p>Gracias a que su hija adolescente mostraba una conducta rebelde m\u00e1s all\u00e1 de la \u00abnormal\u00bb, una madre yucateca pudo saber que la mx chachota fue violada de ni\u00f1a. Esto permiti\u00f3<\/p>\n","protected":false},"author":1,"featured_media":10905,"comment_status":"open","ping_status":"open","sticky":false,"template":"","format":"standard","meta":{"jetpack_post_was_ever_published":false,"_jetpack_newsletter_access":"","_jetpack_dont_email_post_to_subs":false,"_jetpack_newsletter_tier_id":0,"_jetpack_memberships_contains_paywalled_content":false,"_jetpack_memberships_contains_paid_content":false,"footnotes":"","jetpack_publicize_message":"","jetpack_publicize_feature_enabled":true,"jetpack_social_post_already_shared":false,"jetpack_social_options":{"image_generator_settings":{"template":"highway","default_image_id":0,"font":"","enabled":false},"version":2}},"categories":[10,6,3,1],"tags":[],"class_list":["post-432","post","type-post","status-publish","format-standard","has-post-thumbnail","hentry","category-lectura-recomendada","category-lo-mas-leido","category-portada","category-sin-categoria"],"jetpack_publicize_connections":[],"jetpack_featured_media_url":"https:\/\/formalprision.com\/wp-content\/uploads\/2015\/04\/blogger-image-1877466114.jpg","jetpack_sharing_enabled":true,"jetpack_shortlink":"https:\/\/wp.me\/p6id8p-6Y","_links":{"self":[{"href":"https:\/\/formalprision.com\/index.php?rest_route=\/wp\/v2\/posts\/432","targetHints":{"allow":["GET"]}}],"collection":[{"href":"https:\/\/formalprision.com\/index.php?rest_route=\/wp\/v2\/posts"}],"about":[{"href":"https:\/\/formalprision.com\/index.php?rest_route=\/wp\/v2\/types\/post"}],"author":[{"embeddable":true,"href":"https:\/\/formalprision.com\/index.php?rest_route=\/wp\/v2\/users\/1"}],"replies":[{"embeddable":true,"href":"https:\/\/formalprision.com\/index.php?rest_route=%2Fwp%2Fv2%2Fcomments&post=432"}],"version-history":[{"count":0,"href":"https:\/\/formalprision.com\/index.php?rest_route=\/wp\/v2\/posts\/432\/revisions"}],"wp:featuredmedia":[{"embeddable":true,"href":"https:\/\/formalprision.com\/index.php?rest_route=\/wp\/v2\/media\/10905"}],"wp:attachment":[{"href":"https:\/\/formalprision.com\/index.php?rest_route=%2Fwp%2Fv2%2Fmedia&parent=432"}],"wp:term":[{"taxonomy":"category","embeddable":true,"href":"https:\/\/formalprision.com\/index.php?rest_route=%2Fwp%2Fv2%2Fcategories&post=432"},{"taxonomy":"post_tag","embeddable":true,"href":"https:\/\/formalprision.com\/index.php?rest_route=%2Fwp%2Fv2%2Ftags&post=432"}],"curies":[{"name":"wp","href":"https:\/\/api.w.org\/{rel}","templated":true}]}}