{"id":434,"date":"2015-04-24T06:00:00","date_gmt":"2015-04-24T06:00:00","guid":{"rendered":"http:\/\/formalprision.info\/2015\/04\/24\/apunala-en-el-trasero-cibernauta-que\/"},"modified":"2015-06-03T08:22:23","modified_gmt":"2015-06-03T08:22:23","slug":"apunala-en-el-trasero-cibernauta-que","status":"publish","type":"post","link":"https:\/\/formalprision.com\/?p=434","title":{"rendered":"Apu\u00f1ala en el trasero a cibernauta que viol\u00f3 a su hija"},"content":{"rendered":"<p>Dos pu\u00f1aladas en el trasero recibi\u00f3 un violador por parte del padre de una adolescente, de 14 a\u00f1os, que fue violada por un sujeto de 36 que se cre\u00f3 un falso perfil de Facebook para hacerse pasar por un joven.<\/p>\n<p>De acuerdo diario Clar\u00edn, la menor fue enga\u00f1ada durante dos meses creyendo que conversaba con un chico de 25 a\u00f1os y que el \u00faltimo lunes se realizar\u00eda el esperado encuentro. Sin embargo todo era mentira.<\/p>\n<p>Ese d\u00eda les dijo a sus compa\u00f1eros que no entrar\u00eda a clases, \u201cme voy con un chico de 25 a\u00f1os que conoc\u00ed por Facebook\u201d, les cont\u00f3. Cuando la vieron subir a un autom\u00f3vil revelaron todo a los profesores, sin embargo cuando estos salieron a buscarla por la zona no pudieron hallar el veh\u00edculo.<\/p>\n<p>A las dos de la tarde apareci\u00f3 la menor caminando por la escuela. \u201cSe agarraba, estaba p\u00e1lida y adolorida\u201d, se\u00f1al\u00f3 una fuente del caso. Cuando vio a sus padres les cont\u00f3 todo lo sucedido y el pap\u00e1 tras acompa\u00f1arla a hacer la denuncia decidi\u00f3 ubicarlo por el mismo medio: Facebook.<\/p>\n<p>Tras tener sus datos, proporcionados por su propia hija, no dud\u00f3 y fue a buscarlo al d\u00eda siguiente y esper\u00f3 pacientemente a que saliera de su casa y cuando el violador estaba apunto de subir a su autom\u00f3vil lo apu\u00f1al\u00f3 dos veces en los gl\u00fateos.<\/p>\n<p>El sujeto, que tiene pareja y dos hijos, no se defendi\u00f3 y fue trasladado a un hospital donde fue detenido y tras ser dado de alta conducido al Poder Judicial d\u00f3nde se neg\u00f3 a declarar, sin embargo qued\u00f3 imputado por el delito de abuso sexual agravado por acceso carnal y la edad de la v\u00edctima.<\/p>\n<div class=\"separator\" style=\"clear: both; text-align: center;\">\n<a href=\"http:\/\/formalprision.com\/wp-content\/uploads\/2015\/04\/abusaron-de-su-hija-y-el-padre.jpg.600x0_q85_crop-smart.jpg\" imageanchor=\"1\" style=\"margin-left: 1em; margin-right: 1em;\"><img loading=\"lazy\" decoding=\"async\" border=\"0\" src=\"http:\/\/formalprision.com\/wp-content\/uploads\/2015\/04\/abusaron-de-su-hija-y-el-padre.jpg.600x0_q85_crop-smart.jpg\" height=\"229\" width=\"320\" \/><\/a><\/div>\n<p><i>Fuente: ojo.pe<\/i><\/p>\n","protected":false},"excerpt":{"rendered":"<p>Dos pu\u00f1aladas en el trasero recibi\u00f3 un violador por parte del padre de una adolescente, de 14 a\u00f1os, que fue violada por un sujeto de 36 que se cre\u00f3 un<\/p>\n","protected":false},"author":1,"featured_media":10908,"comment_status":"open","ping_status":"open","sticky":false,"template":"","format":"standard","meta":{"jetpack_post_was_ever_published":false,"_jetpack_newsletter_access":"","_jetpack_dont_email_post_to_subs":false,"_jetpack_newsletter_tier_id":0,"_jetpack_memberships_contains_paywalled_content":false,"_jetpack_memberships_contains_paid_content":false,"footnotes":"","jetpack_publicize_message":"","jetpack_publicize_feature_enabled":true,"jetpack_social_post_already_shared":false,"jetpack_social_options":{"image_generator_settings":{"template":"highway","default_image_id":0,"font":"","enabled":false},"version":2}},"categories":[1,49],"tags":[],"class_list":["post-434","post","type-post","status-publish","format-standard","has-post-thumbnail","hentry","category-sin-categoria","category-tocho-morocho"],"jetpack_publicize_connections":[],"jetpack_featured_media_url":"https:\/\/formalprision.com\/wp-content\/uploads\/2015\/04\/abusaron-de-su-hija-y-el-padre.jpg.600x0_q85_crop-smart.jpg","jetpack_sharing_enabled":true,"jetpack_shortlink":"https:\/\/wp.me\/p6id8p-70","_links":{"self":[{"href":"https:\/\/formalprision.com\/index.php?rest_route=\/wp\/v2\/posts\/434","targetHints":{"allow":["GET"]}}],"collection":[{"href":"https:\/\/formalprision.com\/index.php?rest_route=\/wp\/v2\/posts"}],"about":[{"href":"https:\/\/formalprision.com\/index.php?rest_route=\/wp\/v2\/types\/post"}],"author":[{"embeddable":true,"href":"https:\/\/formalprision.com\/index.php?rest_route=\/wp\/v2\/users\/1"}],"replies":[{"embeddable":true,"href":"https:\/\/formalprision.com\/index.php?rest_route=%2Fwp%2Fv2%2Fcomments&post=434"}],"version-history":[{"count":0,"href":"https:\/\/formalprision.com\/index.php?rest_route=\/wp\/v2\/posts\/434\/revisions"}],"wp:featuredmedia":[{"embeddable":true,"href":"https:\/\/formalprision.com\/index.php?rest_route=\/wp\/v2\/media\/10908"}],"wp:attachment":[{"href":"https:\/\/formalprision.com\/index.php?rest_route=%2Fwp%2Fv2%2Fmedia&parent=434"}],"wp:term":[{"taxonomy":"category","embeddable":true,"href":"https:\/\/formalprision.com\/index.php?rest_route=%2Fwp%2Fv2%2Fcategories&post=434"},{"taxonomy":"post_tag","embeddable":true,"href":"https:\/\/formalprision.com\/index.php?rest_route=%2Fwp%2Fv2%2Ftags&post=434"}],"curies":[{"name":"wp","href":"https:\/\/api.w.org\/{rel}","templated":true}]}}