{"id":438,"date":"2015-04-23T23:32:00","date_gmt":"2015-04-23T23:32:00","guid":{"rendered":"http:\/\/formalprision.info\/2015\/04\/23\/mecanico-lleva-reparar-un-vehiculo-sin\/"},"modified":"2015-06-03T08:22:23","modified_gmt":"2015-06-03T08:22:23","slug":"mecanico-lleva-reparar-un-vehiculo-sin","status":"publish","type":"post","link":"https:\/\/formalprision.com\/?p=438","title":{"rendered":"Mec\u00e1nico lleva a reparar un veh\u00edculo sin que se lo hubieran pedido"},"content":{"rendered":"<p>La Unidad de Monitoreo e Inteligencia Policial (Umipol) de la Secretar\u00eda de Seguridad P\u00fablica atendi\u00f3 la llamada de un ciudadano reportando que le hab\u00edan robado su autom\u00f3vil.&nbsp;El veh\u00edculo fue hallado despu\u00e9s en un taller mec\u00e1nico, a donde el due\u00f1o del negocio lo llev\u00f3 a reparar pensando que era el que una persona le pidi\u00f3 que lo arreglara.Seg\u00fan el reporte oficial, elementos de la dependencia estatal acudieron al lugar de la queja, donde el propietario les inform\u00f3 que se trataba de un veh\u00edculo Volkswagen sed\u00e1n color verde con matr\u00edcula ZAD-2855. A\u00f1adi\u00f3 que alrededor de las nueve de la ma\u00f1ana lo dej\u00f3 estacionado a las puertas de su domicilio, ubicado en la colonia Yucat\u00e1n, y dos horas despu\u00e9s no lo encontr\u00f3Los oficiales, al pasar el reporte, pusieron en alerta a todas las unidades. Adem\u00e1s los datos se capturaron en el sistema de arcos lectores para localizar el automotor.&nbsp;Esa b\u00fasqueda arroj\u00f3 el hallazgo del autom\u00f3vil en un taller mec\u00e1nico en la&nbsp;<a href=\"x-apple-data-detectors:\/\/1\" x-apple-data-detectors=\"true\" x-apple-data-detectors-type=\"address\" x-apple-data-detectors-result=\"1\" style=\"font-size: 19px; background-color: rgba(255, 255, 255, 0);\">calle 17 por 20 y 22<\/a>&nbsp;de la misma colonia. Los agentes se entrevistaron con el due\u00f1o del lugar de nombre Rafael Dom\u00ednguez Gonz\u00e1lez, quien indic\u00f3 que lo hab\u00edan contratado para realizar una reparaci\u00f3n en el sistema el\u00e9ctrico del sed\u00e1n y como ten\u00eda las llaves, lo arranc\u00f3 y condujo hasta su negocio.El propietario lleg\u00f3 al lugar y verific\u00f3 que se trataba de su veh\u00edculo, pero no se explicaba c\u00f3mo el mec\u00e1nico se lo llev\u00f3. Asimismo neg\u00f3 haber solicitado alguna reparaci\u00f3n, ya que las llaves las ten\u00eda en su poder.El quejoso y sus familiares pidieron la detenci\u00f3n del hombre, lo que provoc\u00f3 que los parientes de \u00e9ste se opusieran a su traslado cuando se le pidi\u00f3 que subiera a la patrulla.La versi\u00f3n del mec\u00e1nico fue que se trat\u00f3 de una confusi\u00f3n, porque s\u00ed ten\u00eda las llaves de un sed\u00e1n para reparar, pero de color blanco.Los involucrados aclararon la situaci\u00f3n y se procedi\u00f3 a la liberaci\u00f3n del detenido, mientras que el afectado recuper\u00f3 su veh\u00edculo.<\/p>\n<div class=\"separator\" style=\"clear: both;\"><a href=\"https:\/\/lh3.googleusercontent.com\/-E2Ik0XS1Gz0\/VTmA78L7MlI\/AAAAAAAAnoM\/QUVM1m3_5sA\/s640\/blogger-image--2060054333.jpg\" imageanchor=\"1\" style=\"margin-left: 1em; margin-right: 1em;\"><img decoding=\"async\" border=\"0\" src=\"https:\/\/lh3.googleusercontent.com\/-E2Ik0XS1Gz0\/VTmA78L7MlI\/AAAAAAAAnoM\/QUVM1m3_5sA\/s640\/blogger-image--2060054333.jpg\"><\/a><\/div>\n<p><\/p>\n","protected":false},"excerpt":{"rendered":"<p>La Unidad de Monitoreo e Inteligencia Policial (Umipol) de la Secretar\u00eda de Seguridad P\u00fablica atendi\u00f3 la llamada de un ciudadano reportando que le hab\u00edan robado su autom\u00f3vil.&nbsp;El veh\u00edculo fue hallado<\/p>\n","protected":false},"author":1,"featured_media":10917,"comment_status":"open","ping_status":"open","sticky":false,"template":"","format":"standard","meta":{"jetpack_post_was_ever_published":false,"_jetpack_newsletter_access":"","_jetpack_dont_email_post_to_subs":false,"_jetpack_newsletter_tier_id":0,"_jetpack_memberships_contains_paywalled_content":false,"_jetpack_memberships_contains_paid_content":false,"footnotes":"","jetpack_publicize_message":"","jetpack_publicize_feature_enabled":true,"jetpack_social_post_already_shared":false,"jetpack_social_options":{"image_generator_settings":{"template":"highway","default_image_id":0,"font":"","enabled":false},"version":2}},"categories":[7,9,3,1],"tags":[],"class_list":["post-438","post","type-post","status-publish","format-standard","has-post-thumbnail","hentry","category-breves","category-destacadas","category-portada","category-sin-categoria"],"jetpack_publicize_connections":[],"jetpack_featured_media_url":"https:\/\/formalprision.com\/wp-content\/uploads\/2015\/04\/blogger-image-2060054333.jpg","jetpack_sharing_enabled":true,"jetpack_shortlink":"https:\/\/wp.me\/p6id8p-74","_links":{"self":[{"href":"https:\/\/formalprision.com\/index.php?rest_route=\/wp\/v2\/posts\/438","targetHints":{"allow":["GET"]}}],"collection":[{"href":"https:\/\/formalprision.com\/index.php?rest_route=\/wp\/v2\/posts"}],"about":[{"href":"https:\/\/formalprision.com\/index.php?rest_route=\/wp\/v2\/types\/post"}],"author":[{"embeddable":true,"href":"https:\/\/formalprision.com\/index.php?rest_route=\/wp\/v2\/users\/1"}],"replies":[{"embeddable":true,"href":"https:\/\/formalprision.com\/index.php?rest_route=%2Fwp%2Fv2%2Fcomments&post=438"}],"version-history":[{"count":0,"href":"https:\/\/formalprision.com\/index.php?rest_route=\/wp\/v2\/posts\/438\/revisions"}],"wp:featuredmedia":[{"embeddable":true,"href":"https:\/\/formalprision.com\/index.php?rest_route=\/wp\/v2\/media\/10917"}],"wp:attachment":[{"href":"https:\/\/formalprision.com\/index.php?rest_route=%2Fwp%2Fv2%2Fmedia&parent=438"}],"wp:term":[{"taxonomy":"category","embeddable":true,"href":"https:\/\/formalprision.com\/index.php?rest_route=%2Fwp%2Fv2%2Fcategories&post=438"},{"taxonomy":"post_tag","embeddable":true,"href":"https:\/\/formalprision.com\/index.php?rest_route=%2Fwp%2Fv2%2Ftags&post=438"}],"curies":[{"name":"wp","href":"https:\/\/api.w.org\/{rel}","templated":true}]}}