{"id":44826,"date":"2016-06-14T22:03:41","date_gmt":"2016-06-15T03:03:41","guid":{"rendered":"http:\/\/formalprision.com\/?p=44826"},"modified":"2016-06-14T22:03:41","modified_gmt":"2016-06-15T03:03:41","slug":"aprueban-cambios-a-la-ley-del-transporte-en-yucatan","status":"publish","type":"post","link":"https:\/\/formalprision.com\/?p=44826","title":{"rendered":"Aprueban cambios a la ley del transporte en Yucat\u00e1n"},"content":{"rendered":"<p align=\"justify\">El Congreso del Estado aprob\u00f3 por mayor\u00eda reformar la Ley de Transporte del estado y con ello regular el servicio de transporte de pasajeros mediante el uso de aplicaciones telef\u00f3nicas.<\/p>\n<p align=\"justify\">Daniel Jes\u00fas Granja Peniche (PRI) expres\u00f3 el voto a favor de su bancada y dej\u00f3 en claro que con las reformas Yucat\u00e1n le abre la puerta a UBER y todas las plataformas tecnol\u00f3gicas\u00a0 que legalmente quieran trabajar en el Estado.<\/p>\n<p align=\"justify\">Indic\u00f3 que el Dictamen se construy\u00f3 con una fusi\u00f3n de las iniciativas que en la materia presentaron el Ejecutivo Estatal y la Fracci\u00f3n Parlamentaria del PAN, adem\u00e1s de que se escucharon las propuestas de los representantes del PRD, PVEM, PANAL y MORENA.<\/p>\n<p align=\"justify\">\u00a0David Abelardo Barrera Zavala (PRD) manifest\u00f3 su voto a favor y coincidi\u00f3 en que para la elaboraci\u00f3n del Dictamen se recogieron los planteamientos de todos los partidos pol\u00edticos presentes en la Legislatura, para garantizar que de forma legal las plataformas tecnol\u00f3gicas puedan prestar sus servicios. Raz\u00f3n por la que se ampli\u00f3 a siete a\u00f1os la antig\u00fcedad aceptada para los veh\u00edculos que operar\u00e1n, adem\u00e1s de que tengan un valor de 201 mil pesos como m\u00ednimo.<\/p>\n<p align=\"justify\">Al hacer uso de la palabra, Marbellino \u00c1ngel Burgos Narv\u00e1ez (PANAL) expres\u00f3 su voto a favor e indic\u00f3 que con las reformas no se pretende inhibir el desarrollo y funcionamiento de las plataformas tecnol\u00f3gicas, adem\u00e1s de que reconoci\u00f3 el hecho de que el Ejecutivo local haya retirado la iniciativa referente al 10% de impuesto.<\/p>\n<p align=\"justify\">Asimismo, Enrique Guillermo Febles Bauz\u00e1 (PVEM) dio a conocer su voto a favor y recalc\u00f3 que el Dictamen fue construido, partiendo de la coincidencia entre las iniciativas presentadas por el Gobierno del Estado y por la bancada del PAN con total apertura a las propuestas de las diversas fuerzas pol\u00edticas.<\/p>\n<p align=\"justify\">Por su parte, Jazm\u00edn Yaneli Villanueva Moo (MORENA) dio a conocer su voto en contra e indic\u00f3 que debe prevalecer la democracia, pues la democracia es parte fundamental del proceso legislativo, con apertura, as\u00ed como fundamentos l\u00f3gicos y jur\u00eddicos.<\/p>\n<p align=\"justify\">De igual forma, Ra\u00fal Paz Alonzo (PAN) manifest\u00f3 el voto en contra de su Fracci\u00f3n Parlamentaria, y se\u00f1al\u00f3 que con la solicitud, presentada por el Ejecutivo, para retirar la Iniciativa referente al impuesto del 10%, se escuch\u00f3 a la ciudadan\u00eda y se tuvo la oportunidad de rectificar.<\/p>\n<p align=\"justify\">Jos\u00e9 El\u00edas Lixa Abimerhi (PAN), record\u00f3 que hace una semana se cumpli\u00f3 un a\u00f1o de que los actuales diputados fueron electos, adem\u00e1s de que hoy la sociedad exige autoridades apegadas a derecho.<\/p>\n<p align=\"justify\">Tambi\u00e9n desde la Tribuna, Mar\u00eda Beatriz Zavala Peniche (PAN) refiri\u00f3 que se deben decir las cosas una y otra vez porque se hace necesario, pues la sociedad ya cambi\u00f3 y la sociedad puede decidir.<\/p>\n<p align=\"justify\">Josu\u00e9 David Camargo Gamboa (PAN) y Ramiro Mois\u00e9s Rodr\u00edguez Brice\u00f1o (PAN), coincidieron en el derecho que tienen los usuarios para elegir el servicio que les convenga, y por ello no poner obst\u00e1culos a la libre competencia.<\/p>\n<p align=\"justify\">\n","protected":false},"excerpt":{"rendered":"<p>El Congreso del Estado aprob\u00f3 por mayor\u00eda reformar la Ley de Transporte del estado y con ello regular el servicio de transporte de pasajeros mediante el uso de aplicaciones telef\u00f3nicas.<\/p>\n","protected":false},"author":1,"featured_media":44815,"comment_status":"open","ping_status":"open","sticky":false,"template":"","format":"standard","meta":{"jetpack_post_was_ever_published":false,"_jetpack_newsletter_access":"","_jetpack_dont_email_post_to_subs":false,"_jetpack_newsletter_tier_id":0,"_jetpack_memberships_contains_paywalled_content":false,"_jetpack_memberships_contains_paid_content":false,"footnotes":"","jetpack_publicize_message":"","jetpack_publicize_feature_enabled":true,"jetpack_social_post_already_shared":true,"jetpack_social_options":{"image_generator_settings":{"template":"highway","default_image_id":0,"font":"","enabled":false},"version":2}},"categories":[17],"tags":[],"class_list":["post-44826","post","type-post","status-publish","format-standard","has-post-thumbnail","hentry","category-politica-y-gobierno"],"jetpack_publicize_connections":[],"jetpack_featured_media_url":"https:\/\/formalprision.com\/wp-content\/uploads\/2016\/06\/01.jpg","jetpack_sharing_enabled":true,"jetpack_shortlink":"https:\/\/wp.me\/p6id8p-bF0","_links":{"self":[{"href":"https:\/\/formalprision.com\/index.php?rest_route=\/wp\/v2\/posts\/44826","targetHints":{"allow":["GET"]}}],"collection":[{"href":"https:\/\/formalprision.com\/index.php?rest_route=\/wp\/v2\/posts"}],"about":[{"href":"https:\/\/formalprision.com\/index.php?rest_route=\/wp\/v2\/types\/post"}],"author":[{"embeddable":true,"href":"https:\/\/formalprision.com\/index.php?rest_route=\/wp\/v2\/users\/1"}],"replies":[{"embeddable":true,"href":"https:\/\/formalprision.com\/index.php?rest_route=%2Fwp%2Fv2%2Fcomments&post=44826"}],"version-history":[{"count":0,"href":"https:\/\/formalprision.com\/index.php?rest_route=\/wp\/v2\/posts\/44826\/revisions"}],"wp:featuredmedia":[{"embeddable":true,"href":"https:\/\/formalprision.com\/index.php?rest_route=\/wp\/v2\/media\/44815"}],"wp:attachment":[{"href":"https:\/\/formalprision.com\/index.php?rest_route=%2Fwp%2Fv2%2Fmedia&parent=44826"}],"wp:term":[{"taxonomy":"category","embeddable":true,"href":"https:\/\/formalprision.com\/index.php?rest_route=%2Fwp%2Fv2%2Fcategories&post=44826"},{"taxonomy":"post_tag","embeddable":true,"href":"https:\/\/formalprision.com\/index.php?rest_route=%2Fwp%2Fv2%2Ftags&post=44826"}],"curies":[{"name":"wp","href":"https:\/\/api.w.org\/{rel}","templated":true}]}}