{"id":44851,"date":"2016-06-15T12:24:52","date_gmt":"2016-06-15T17:24:52","guid":{"rendered":"http:\/\/formalprision.com\/?p=44851"},"modified":"2016-06-16T16:07:38","modified_gmt":"2016-06-16T21:07:38","slug":"le-estalla-dinamita-en-la-cara-cuando-hacia-una-fosa-septica-en-merida","status":"publish","type":"post","link":"https:\/\/formalprision.com\/?p=44851","title":{"rendered":"Le estalla dinamita en la cara cuando hac\u00eda una fosa s\u00e9ptica en M\u00e9rida"},"content":{"rendered":"<p>Un joven &#8216;pocero&#8217; meridano result\u00f3 seriamente lesionado al estallarle dinamita cuando daba forma a una fosa s\u00e9ptica.<\/p>\n<p>Los hechos ocurrieron en la colonia San Esteban y el herido fue identificado como Ra\u00fal Marcelo Zapata, de 26 a\u00f1os de edad.<\/p>\n<p>Seg\u00fan el reporte de las autoridades, Ra\u00fal Marcelo y otro alba\u00f1il colocaron dos cartuchos de dinamita para hacer la fosa s\u00e9ptica en el predio, pero al estar poniendo las llantas que cubren la cavidad, la carga explot\u00f3.<\/p>\n<p>El result\u00f3 herido y fue llevado al hospital Ohor\u00e1n, donde se reporta con trauma facial y diversas heridas en el rostro, la oreja derecha y el ojo del mismo lado.<\/p>\n<p>En Yucat\u00e1n todav\u00eda hay gente que hace este tipo de perforaciones con dinamita casera, con alba\u00f1iles que no usan dispositivos electr\u00f3nicos para estallar las cargas y mucho menos con trajes especiales para evitar lesiones en caso de accidentes.<\/p>\n","protected":false},"excerpt":{"rendered":"<p>Un joven &#8216;pocero&#8217; meridano result\u00f3 seriamente lesionado al estallarle dinamita cuando daba forma a una fosa s\u00e9ptica. Los hechos ocurrieron en la colonia San Esteban y el herido fue identificado<\/p>\n","protected":false},"author":1,"featured_media":44852,"comment_status":"open","ping_status":"open","sticky":false,"template":"","format":"standard","meta":{"jetpack_post_was_ever_published":false,"_jetpack_newsletter_access":"","_jetpack_dont_email_post_to_subs":false,"_jetpack_newsletter_tier_id":0,"_jetpack_memberships_contains_paywalled_content":false,"_jetpack_memberships_contains_paid_content":false,"footnotes":"","jetpack_publicize_message":"","jetpack_publicize_feature_enabled":true,"jetpack_social_post_already_shared":true,"jetpack_social_options":{"image_generator_settings":{"template":"highway","default_image_id":0,"font":"","enabled":false},"version":2}},"categories":[56,3,54],"tags":[],"class_list":["post-44851","post","type-post","status-publish","format-standard","has-post-thumbnail","hentry","category-incendios","category-portada","category-yucatan"],"jetpack_publicize_connections":[],"jetpack_featured_media_url":"https:\/\/formalprision.com\/wp-content\/uploads\/2016\/06\/image-33.jpeg","jetpack_sharing_enabled":true,"jetpack_shortlink":"https:\/\/wp.me\/p6id8p-bFp","_links":{"self":[{"href":"https:\/\/formalprision.com\/index.php?rest_route=\/wp\/v2\/posts\/44851","targetHints":{"allow":["GET"]}}],"collection":[{"href":"https:\/\/formalprision.com\/index.php?rest_route=\/wp\/v2\/posts"}],"about":[{"href":"https:\/\/formalprision.com\/index.php?rest_route=\/wp\/v2\/types\/post"}],"author":[{"embeddable":true,"href":"https:\/\/formalprision.com\/index.php?rest_route=\/wp\/v2\/users\/1"}],"replies":[{"embeddable":true,"href":"https:\/\/formalprision.com\/index.php?rest_route=%2Fwp%2Fv2%2Fcomments&post=44851"}],"version-history":[{"count":0,"href":"https:\/\/formalprision.com\/index.php?rest_route=\/wp\/v2\/posts\/44851\/revisions"}],"wp:featuredmedia":[{"embeddable":true,"href":"https:\/\/formalprision.com\/index.php?rest_route=\/wp\/v2\/media\/44852"}],"wp:attachment":[{"href":"https:\/\/formalprision.com\/index.php?rest_route=%2Fwp%2Fv2%2Fmedia&parent=44851"}],"wp:term":[{"taxonomy":"category","embeddable":true,"href":"https:\/\/formalprision.com\/index.php?rest_route=%2Fwp%2Fv2%2Fcategories&post=44851"},{"taxonomy":"post_tag","embeddable":true,"href":"https:\/\/formalprision.com\/index.php?rest_route=%2Fwp%2Fv2%2Ftags&post=44851"}],"curies":[{"name":"wp","href":"https:\/\/api.w.org\/{rel}","templated":true}]}}