{"id":44863,"date":"2016-06-15T18:30:14","date_gmt":"2016-06-15T23:30:14","guid":{"rendered":"http:\/\/formalprision.com\/?p=44863"},"modified":"2016-06-16T16:33:16","modified_gmt":"2016-06-16T21:33:16","slug":"14-anos-de-carcel-por-abusar-de-su-hijastro","status":"publish","type":"post","link":"https:\/\/formalprision.com\/?p=44863","title":{"rendered":"14 a\u00f1os de c\u00e1rcel por abusar de su hijastro"},"content":{"rendered":"<p>El Juzgado Cuarto Penal sentenci\u00f3 a 14 a\u00f1os de c\u00e1rcel al electricista Jos\u00e9 Luis Escalona de la Cruz (a) \u201cLeco\u201d, acusado de violar a su hijastro de 2 a\u00f1itos.<br \/>\nFue hallado culpable de los delitos de violaci\u00f3n y violaci\u00f3n agravada.<br \/>\nTambi\u00e9n se le impuso el pago de una multa de 350 d\u00edas de salario, equivalentes a 22,319 pesos, sustituibles con 175 jornadas de trabajo a favor de la comunidad.<br \/>\nIgualmente se le conden\u00f3 al pago de 20 mil pesos por concepto de reparaci\u00f3n del da\u00f1o causado.<br \/>\nLa condena empezar\u00e1 a contar a partir del 18 de octubre del 2014, fecha en la que fue privado de su libertad.<br \/>\nSeg\u00fan el expediente, fue denunciado por el padre biol\u00f3gico de la criatura, el se\u00f1or M.A.K.G., al igual que la abuela paterna, C.G.L.<br \/>\nEl inculpado, apoyado por la madre del menor, argument\u00f3 inocencia y dijo que todo se trata de un ardid tramado por el padre del peque\u00f1o.<br \/>\nLa se\u00f1ora Y.G.P.V. indic\u00f3 que conoci\u00f3 a M.A.K.G. cuando laboraba y 2 meses despu\u00e9s se embaraz\u00f3.<br \/>\nCuando naci\u00f3 su hijo dej\u00f3 de trabajar y empezaron los problemas con el padre biol\u00f3gico del ni\u00f1o, quien registr\u00f3 al beb\u00e9 y seis meses despu\u00e9s desapareci\u00f3 y se fue a vivir al domicilio de su madre..<\/p>\n<p>Ella insisti\u00f3 en que su ex tram\u00f3 todo para perjudicarla con su nueva pareja.<\/p>\n","protected":false},"excerpt":{"rendered":"<p>El Juzgado Cuarto Penal sentenci\u00f3 a 14 a\u00f1os de c\u00e1rcel al electricista Jos\u00e9 Luis Escalona de la Cruz (a) \u201cLeco\u201d, acusado de violar a su hijastro de 2 a\u00f1itos. Fue<\/p>\n","protected":false},"author":1,"featured_media":44578,"comment_status":"open","ping_status":"open","sticky":false,"template":"","format":"standard","meta":{"jetpack_post_was_ever_published":false,"_jetpack_newsletter_access":"","_jetpack_dont_email_post_to_subs":false,"_jetpack_newsletter_tier_id":0,"_jetpack_memberships_contains_paywalled_content":false,"_jetpack_memberships_contains_paid_content":false,"footnotes":"","jetpack_publicize_message":"","jetpack_publicize_feature_enabled":true,"jetpack_social_post_already_shared":true,"jetpack_social_options":{"image_generator_settings":{"template":"highway","default_image_id":0,"font":"","enabled":false},"version":2}},"categories":[3,54],"tags":[],"class_list":["post-44863","post","type-post","status-publish","format-standard","has-post-thumbnail","hentry","category-portada","category-yucatan"],"jetpack_publicize_connections":[],"jetpack_featured_media_url":"https:\/\/formalprision.com\/wp-content\/uploads\/2016\/06\/images-2.jpg","jetpack_sharing_enabled":true,"jetpack_shortlink":"https:\/\/wp.me\/p6id8p-bFB","_links":{"self":[{"href":"https:\/\/formalprision.com\/index.php?rest_route=\/wp\/v2\/posts\/44863","targetHints":{"allow":["GET"]}}],"collection":[{"href":"https:\/\/formalprision.com\/index.php?rest_route=\/wp\/v2\/posts"}],"about":[{"href":"https:\/\/formalprision.com\/index.php?rest_route=\/wp\/v2\/types\/post"}],"author":[{"embeddable":true,"href":"https:\/\/formalprision.com\/index.php?rest_route=\/wp\/v2\/users\/1"}],"replies":[{"embeddable":true,"href":"https:\/\/formalprision.com\/index.php?rest_route=%2Fwp%2Fv2%2Fcomments&post=44863"}],"version-history":[{"count":0,"href":"https:\/\/formalprision.com\/index.php?rest_route=\/wp\/v2\/posts\/44863\/revisions"}],"wp:featuredmedia":[{"embeddable":true,"href":"https:\/\/formalprision.com\/index.php?rest_route=\/wp\/v2\/media\/44578"}],"wp:attachment":[{"href":"https:\/\/formalprision.com\/index.php?rest_route=%2Fwp%2Fv2%2Fmedia&parent=44863"}],"wp:term":[{"taxonomy":"category","embeddable":true,"href":"https:\/\/formalprision.com\/index.php?rest_route=%2Fwp%2Fv2%2Fcategories&post=44863"},{"taxonomy":"post_tag","embeddable":true,"href":"https:\/\/formalprision.com\/index.php?rest_route=%2Fwp%2Fv2%2Ftags&post=44863"}],"curies":[{"name":"wp","href":"https:\/\/api.w.org\/{rel}","templated":true}]}}