{"id":44865,"date":"2016-06-15T19:46:46","date_gmt":"2016-06-16T00:46:46","guid":{"rendered":"http:\/\/formalprision.com\/?p=44865"},"modified":"2016-06-17T12:11:48","modified_gmt":"2016-06-17T17:11:48","slug":"se-niega-a-darle-200-semanales-para-su-hija-y-lo-dejan-libre","status":"publish","type":"post","link":"https:\/\/formalprision.com\/?p=44865","title":{"rendered":"Se niega a dar $200 semanales para su hija y lo dejan libre"},"content":{"rendered":"<p>Max Humberto Quen Andrade compareci\u00f3 ante un juez oral acusado del delito de incumplimiento de las obligaciones de asistencia familiar.<br \/>\nPara su fortuna, fue dejado en libertad condicional, luego de que se reserv\u00f3 el derecho a declarar y solicit\u00f3 la ampliaci\u00f3n del t\u00e9rmino constitucional, Est\u00e1 acusado de no dar pensi\u00f3n para su hija desde 2014, aunque por el momento libr\u00f3 la c\u00e1rcel sin pagar un solo peso.<br \/>\nEl juez de control Luis Edwin Mugarte Guerrero decret\u00f3 en contra del sujeto las medidas cautelares de no salir sin autorizaci\u00f3n de la ciudad de M\u00e9rida y acudir a firmar ante el Centro de Medidas Cautelares los d\u00edas 14, 17 y 19 de junio, por lo que estar\u00e1 en condiciones de &#8216;festejar&#8217; el pr\u00f3ximo domingo el D\u00eda del Padre.<br \/>\nSeg\u00fan el expediente, la denunciante y Quen Andrade procrearon una ni\u00f1a el 25 de diciembre de 2008.<br \/>\nSe separaron y el 19 de agosto de 2009 suscribieron un acuerdo ante la Coordinaci\u00f3n Jur\u00eddica del DIF Municipal de M\u00e9rida, en el cual indicaron que la custodia de la menor la tendr\u00eda la mujer, comprometi\u00e9ndose el sujeto a proporcionar 200 pesos de forma semanal.<br \/>\nLo hizo un tiempo, Pues el 21 de diciembre de 2014 realiz\u00f3 un \u00faltimo pago, por lo que desde esa fecha, sin que exista motivo o causa justificada, ha dejado de proporcionar cantidad alguna a favor de su hija.<\/p>\n","protected":false},"excerpt":{"rendered":"<p>Max Humberto Quen Andrade compareci\u00f3 ante un juez oral acusado del delito de incumplimiento de las obligaciones de asistencia familiar. Para su fortuna, fue dejado en libertad condicional, luego de<\/p>\n","protected":false},"author":1,"featured_media":43992,"comment_status":"open","ping_status":"open","sticky":false,"template":"","format":"standard","meta":{"jetpack_post_was_ever_published":false,"_jetpack_newsletter_access":"","_jetpack_dont_email_post_to_subs":false,"_jetpack_newsletter_tier_id":0,"_jetpack_memberships_contains_paywalled_content":false,"_jetpack_memberships_contains_paid_content":false,"footnotes":"","jetpack_publicize_message":"","jetpack_publicize_feature_enabled":true,"jetpack_social_post_already_shared":true,"jetpack_social_options":{"image_generator_settings":{"template":"highway","default_image_id":0,"font":"","enabled":false},"version":2}},"categories":[3,54],"tags":[],"class_list":["post-44865","post","type-post","status-publish","format-standard","has-post-thumbnail","hentry","category-portada","category-yucatan"],"jetpack_publicize_connections":[],"jetpack_featured_media_url":"https:\/\/formalprision.com\/wp-content\/uploads\/2016\/05\/perpetua.jpg","jetpack_sharing_enabled":true,"jetpack_shortlink":"https:\/\/wp.me\/p6id8p-bFD","_links":{"self":[{"href":"https:\/\/formalprision.com\/index.php?rest_route=\/wp\/v2\/posts\/44865","targetHints":{"allow":["GET"]}}],"collection":[{"href":"https:\/\/formalprision.com\/index.php?rest_route=\/wp\/v2\/posts"}],"about":[{"href":"https:\/\/formalprision.com\/index.php?rest_route=\/wp\/v2\/types\/post"}],"author":[{"embeddable":true,"href":"https:\/\/formalprision.com\/index.php?rest_route=\/wp\/v2\/users\/1"}],"replies":[{"embeddable":true,"href":"https:\/\/formalprision.com\/index.php?rest_route=%2Fwp%2Fv2%2Fcomments&post=44865"}],"version-history":[{"count":0,"href":"https:\/\/formalprision.com\/index.php?rest_route=\/wp\/v2\/posts\/44865\/revisions"}],"wp:featuredmedia":[{"embeddable":true,"href":"https:\/\/formalprision.com\/index.php?rest_route=\/wp\/v2\/media\/43992"}],"wp:attachment":[{"href":"https:\/\/formalprision.com\/index.php?rest_route=%2Fwp%2Fv2%2Fmedia&parent=44865"}],"wp:term":[{"taxonomy":"category","embeddable":true,"href":"https:\/\/formalprision.com\/index.php?rest_route=%2Fwp%2Fv2%2Fcategories&post=44865"},{"taxonomy":"post_tag","embeddable":true,"href":"https:\/\/formalprision.com\/index.php?rest_route=%2Fwp%2Fv2%2Ftags&post=44865"}],"curies":[{"name":"wp","href":"https:\/\/api.w.org\/{rel}","templated":true}]}}