{"id":44965,"date":"2016-06-18T17:07:39","date_gmt":"2016-06-18T22:07:39","guid":{"rendered":"http:\/\/formalprision.com\/?p=44965"},"modified":"2016-06-20T19:43:20","modified_gmt":"2016-06-21T00:43:20","slug":"niegan-libertad-a-mininarco-que-llevo-droga-al-edificio-de-la-policia","status":"publish","type":"post","link":"https:\/\/formalprision.com\/?p=44965","title":{"rendered":"Niegan libertad a mininarco que llev\u00f3 droga al edificio de la Polic\u00eda"},"content":{"rendered":"<p>La autoridad judicial dej\u00f3 en prisi\u00f3n Cuatro meses mininarco Aar\u00f3n El\u00edas P\u00e9rez Patr\u00f3n, quien acudi\u00f3 en d\u00edas pasados al edificio de la SSP con casi tres kilos de marihuana.<br \/>\nNo se le concedi\u00f3 la libertad, como a otros narquitos que han sido detenidos reci\u00e9ntemente, porque es reincidente y porque la droga era para suministro.<br \/>\nEn audiencia de imputaci\u00f3n, la juez de control Suemy del Rosario Lizama S\u00e1nchez decret\u00f3 en contra del sujeto, por su reincidencia, prisi\u00f3n preventiva por los pr\u00f3ximos cuatro meses.<br \/>\nSe le vincul\u00f3 por el delito contra la salud en su modalidad de narcomenudeo, en su variante de posesi\u00f3n con fines de suministro del narc\u00f3tico denominado cannabis.<br \/>\nComo informamos. el 11 de junio, aproximadamente a las 15:55 horas, P\u00e9rez Patr\u00f3n se encontraba en posesi\u00f3n de una mochila en el edificio central de la SSP.<br \/>\nFue al lugar con cuatro bolsas grandes en cuyo interior se encontraba hierba seca de color verde y quince bolsitas de material sint\u00e9tico transparente, mismas que estaban llenas de la misma sustancia.<br \/>\nNo se sabe exactamente para qu\u00e9 llev\u00f3 a este lugar la hierba, pero no pas\u00f3 inadvertido y se le detect\u00f3.<br \/>\nLa droga tuvo un peso final de 2,732 gramos<br \/>\nLa juez concedi\u00f3 la prisi\u00f3n preventiva porque el imputado no dio su anuencia para que le realizaran una evaluaci\u00f3n de riesgo.<br \/>\nTambi\u00e9n cont\u00f3 el hecho que ha sido previamente sentenciado por delito de la misma naturaleza.<\/p>\n","protected":false},"excerpt":{"rendered":"<p>La autoridad judicial dej\u00f3 en prisi\u00f3n Cuatro meses mininarco Aar\u00f3n El\u00edas P\u00e9rez Patr\u00f3n, quien acudi\u00f3 en d\u00edas pasados al edificio de la SSP con casi tres kilos de marihuana. No<\/p>\n","protected":false},"author":1,"featured_media":44833,"comment_status":"open","ping_status":"open","sticky":false,"template":"","format":"standard","meta":{"jetpack_post_was_ever_published":false,"_jetpack_newsletter_access":"","_jetpack_dont_email_post_to_subs":false,"_jetpack_newsletter_tier_id":0,"_jetpack_memberships_contains_paywalled_content":false,"_jetpack_memberships_contains_paid_content":false,"footnotes":"","jetpack_publicize_message":"","jetpack_publicize_feature_enabled":true,"jetpack_social_post_already_shared":true,"jetpack_social_options":{"image_generator_settings":{"template":"highway","default_image_id":0,"font":"","enabled":false},"version":2}},"categories":[3,54],"tags":[],"class_list":["post-44965","post","type-post","status-publish","format-standard","has-post-thumbnail","hentry","category-portada","category-yucatan"],"jetpack_publicize_connections":[],"jetpack_featured_media_url":"https:\/\/formalprision.com\/wp-content\/uploads\/2016\/06\/image-32.jpeg","jetpack_sharing_enabled":true,"jetpack_shortlink":"https:\/\/wp.me\/p6id8p-bHf","_links":{"self":[{"href":"https:\/\/formalprision.com\/index.php?rest_route=\/wp\/v2\/posts\/44965","targetHints":{"allow":["GET"]}}],"collection":[{"href":"https:\/\/formalprision.com\/index.php?rest_route=\/wp\/v2\/posts"}],"about":[{"href":"https:\/\/formalprision.com\/index.php?rest_route=\/wp\/v2\/types\/post"}],"author":[{"embeddable":true,"href":"https:\/\/formalprision.com\/index.php?rest_route=\/wp\/v2\/users\/1"}],"replies":[{"embeddable":true,"href":"https:\/\/formalprision.com\/index.php?rest_route=%2Fwp%2Fv2%2Fcomments&post=44965"}],"version-history":[{"count":0,"href":"https:\/\/formalprision.com\/index.php?rest_route=\/wp\/v2\/posts\/44965\/revisions"}],"wp:featuredmedia":[{"embeddable":true,"href":"https:\/\/formalprision.com\/index.php?rest_route=\/wp\/v2\/media\/44833"}],"wp:attachment":[{"href":"https:\/\/formalprision.com\/index.php?rest_route=%2Fwp%2Fv2%2Fmedia&parent=44965"}],"wp:term":[{"taxonomy":"category","embeddable":true,"href":"https:\/\/formalprision.com\/index.php?rest_route=%2Fwp%2Fv2%2Fcategories&post=44965"},{"taxonomy":"post_tag","embeddable":true,"href":"https:\/\/formalprision.com\/index.php?rest_route=%2Fwp%2Fv2%2Ftags&post=44965"}],"curies":[{"name":"wp","href":"https:\/\/api.w.org\/{rel}","templated":true}]}}