{"id":49085,"date":"2016-10-14T11:36:42","date_gmt":"2016-10-14T16:36:42","guid":{"rendered":"http:\/\/formalprision.com\/?p=49085"},"modified":"2016-10-14T20:26:07","modified_gmt":"2016-10-15T01:26:07","slug":"explota-transformador-en-el-centro-y-todos-a-correr","status":"publish","type":"post","link":"https:\/\/formalprision.com\/?p=49085","title":{"rendered":"Explota transformador en el Centro y&#8230; todos a correr"},"content":{"rendered":"<p>Una &#8216;l\u00ednea de fuego&#8217; provocada por el mal estado de un transformador, moviliz\u00f3 este d\u00eda a bomberos y cuerpos de emergencia en concurrida zona del Centro<br \/>\nNo hubo heridos gracias a que empleados y transe\u00fantes se alejaron de inmediato y se pusieron lejos de la &#8216;l\u00ednea de fuego&#8217;, que recorri\u00f3 unos 50 metros en pocos minutos.<br \/>\nEl incidente tuvo lugar en la calle 54 por 65 y puso de manifiesto el mal estado de los equipos de la CFE y las instalaciones privadas.<br \/>\nFue precisamente el viejo transformador instalado en esa esquina el que inici\u00f3 todo, aunque otras versiones dicen que el fuego se origin\u00f3 en el medidor de una boutique por sobrecargo y de ah\u00ed surgi\u00f3 una &#8216;l\u00ednea de fuego&#8217; hacia el equipo de la CFE.<\/p>\n<p>El cable Chispeando dejaba caer , r\u00e1fagas de fuego sobre la gente, que de inmediato se retir\u00f3.<\/p>\n<p><a href=\"http:\/\/formalprision.com\/wp-content\/uploads\/2016\/10\/image-57-e1476462932689.jpeg\"><img loading=\"lazy\" decoding=\"async\" class=\"alignnone size-medium wp-image-49087\" src=\"http:\/\/formalprision.com\/wp-content\/uploads\/2016\/10\/image-57-300x178.jpeg\" alt=\"image\" width=\"300\" height=\"178\" srcset=\"https:\/\/formalprision.com\/wp-content\/uploads\/2016\/10\/image-57-300x178.jpeg 300w, https:\/\/formalprision.com\/wp-content\/uploads\/2016\/10\/image-57-768x457.jpeg 768w, https:\/\/formalprision.com\/wp-content\/uploads\/2016\/10\/image-57-1024x609.jpeg 1024w, https:\/\/formalprision.com\/wp-content\/uploads\/2016\/10\/image-57.jpeg 1280w\" sizes=\"auto, (max-width: 300px) 100vw, 300px\" \/><\/a><br \/>\nEntonces, las chispas comenzaron a recorrer el cable en direcci\u00f3n hacia el otro transformador, ubicado a 50 metros del lugar, originando una &#8216;cascada&#8217; de chispas cayendo hacia el suelo.<br \/>\nCuando esto suced\u00eda, los transe\u00fantes, empleados y vendedores ambulantes, a toda prisa, ya se hab\u00edan retirado de las aceras y alguien m\u00e1s vivo no se limit\u00f3 observar, sino que fue a &#8216;despertar&#8217; al polic\u00eda municipal de la esquina.<br \/>\nAl sitio llegaron bomberos y una cuadrilla de la CFE para cortar el suministro de energ\u00eda.<br \/>\nLos bomberos usaron extintores tradicionales, pues la cascada de chispas prendieron basura, pl\u00e1sticos y otros buenos que hab\u00eda en la calle.<br \/>\nHab\u00eda preocupaci\u00f3n porque en un pasillo frente a la zona conocida como &#8216;de las pi\u00f1atas&#8217; funciona un puesto de comida, que usa un cilindro de gas, mismo que fue retirado por los bomberos.<br \/>\nAl final de cuentas todo qued\u00f3 en un susto y perjuicio temporal para comerciantes de la zona,<\/p>\n","protected":false},"excerpt":{"rendered":"<p>Una &#8216;l\u00ednea de fuego&#8217; provocada por el mal estado de un transformador, moviliz\u00f3 este d\u00eda a bomberos y cuerpos de emergencia en concurrida zona del Centro No hubo heridos gracias<\/p>\n","protected":false},"author":1,"featured_media":49113,"comment_status":"open","ping_status":"open","sticky":false,"template":"","format":"standard","meta":{"jetpack_post_was_ever_published":false,"_jetpack_newsletter_access":"","_jetpack_dont_email_post_to_subs":true,"_jetpack_newsletter_tier_id":0,"_jetpack_memberships_contains_paywalled_content":false,"_jetpack_memberships_contains_paid_content":false,"footnotes":"","jetpack_publicize_message":"","jetpack_publicize_feature_enabled":true,"jetpack_social_post_already_shared":true,"jetpack_social_options":{"image_generator_settings":{"template":"highway","default_image_id":0,"font":"","enabled":false},"version":2}},"categories":[56,3,54],"tags":[],"class_list":["post-49085","post","type-post","status-publish","format-standard","has-post-thumbnail","hentry","category-incendios","category-portada","category-yucatan"],"jetpack_publicize_connections":[],"jetpack_featured_media_url":"https:\/\/formalprision.com\/wp-content\/uploads\/2016\/10\/image-64-e1476484291979.jpeg","jetpack_sharing_enabled":true,"jetpack_shortlink":"https:\/\/wp.me\/p6id8p-cLH","_links":{"self":[{"href":"https:\/\/formalprision.com\/index.php?rest_route=\/wp\/v2\/posts\/49085","targetHints":{"allow":["GET"]}}],"collection":[{"href":"https:\/\/formalprision.com\/index.php?rest_route=\/wp\/v2\/posts"}],"about":[{"href":"https:\/\/formalprision.com\/index.php?rest_route=\/wp\/v2\/types\/post"}],"author":[{"embeddable":true,"href":"https:\/\/formalprision.com\/index.php?rest_route=\/wp\/v2\/users\/1"}],"replies":[{"embeddable":true,"href":"https:\/\/formalprision.com\/index.php?rest_route=%2Fwp%2Fv2%2Fcomments&post=49085"}],"version-history":[{"count":0,"href":"https:\/\/formalprision.com\/index.php?rest_route=\/wp\/v2\/posts\/49085\/revisions"}],"wp:featuredmedia":[{"embeddable":true,"href":"https:\/\/formalprision.com\/index.php?rest_route=\/wp\/v2\/media\/49113"}],"wp:attachment":[{"href":"https:\/\/formalprision.com\/index.php?rest_route=%2Fwp%2Fv2%2Fmedia&parent=49085"}],"wp:term":[{"taxonomy":"category","embeddable":true,"href":"https:\/\/formalprision.com\/index.php?rest_route=%2Fwp%2Fv2%2Fcategories&post=49085"},{"taxonomy":"post_tag","embeddable":true,"href":"https:\/\/formalprision.com\/index.php?rest_route=%2Fwp%2Fv2%2Ftags&post=49085"}],"curies":[{"name":"wp","href":"https:\/\/api.w.org\/{rel}","templated":true}]}}