{"id":49091,"date":"2016-10-14T13:26:27","date_gmt":"2016-10-14T18:26:27","guid":{"rendered":"http:\/\/formalprision.com\/?p=49091"},"modified":"2016-10-15T12:44:19","modified_gmt":"2016-10-15T17:44:19","slug":"retrasan-apertura-de-la-casita-de-paja","status":"publish","type":"post","link":"https:\/\/formalprision.com\/?p=49091","title":{"rendered":"Retrasan apertura de La Casita de Paja"},"content":{"rendered":"<p>La tradicional cantina meridana La Casita de Paja a\u00fan no puede reabrir sus puertas debido a que no recibe autorizaci\u00f3n de las autoridades sanitarias.<br \/>\nPese a que los due\u00f1os aseguran que ya cumplieron, todav\u00eda no pueden abrir pese a tener &#8216;hasta las chevas bien fr\u00edas&#8217;.<br \/>\nEl due\u00f1o del negocio asegur\u00f3 que las autoridades sanitarias retrasan la reapertura del establecimiento<br \/>\nEn un comunicado, el propietario Edmundo Echevarr\u00eda, indic\u00f3 que la \u00fanica falta fue la no renovaci\u00f3n de la licencia de funcionamiento.<br \/>\nEn su presunto comunicado asegur\u00f3 que esa falla se subsan\u00f3 al d\u00eda siguiente de la clausura<br \/>\nSin embargo, han pasado 16 d\u00edas sin que les autoricen la reapertura, lo que afecta a muchas familias que dependen del bar.<\/p>\n<p><a href=\"http:\/\/formalprision.com\/wp-content\/uploads\/2016\/10\/image-58.jpeg\"><img loading=\"lazy\" decoding=\"async\" class=\"alignnone size-medium wp-image-49092\" src=\"http:\/\/formalprision.com\/wp-content\/uploads\/2016\/10\/image-58-232x300.jpeg\" alt=\"image\" width=\"232\" height=\"300\" srcset=\"https:\/\/formalprision.com\/wp-content\/uploads\/2016\/10\/image-58-232x300.jpeg 232w, https:\/\/formalprision.com\/wp-content\/uploads\/2016\/10\/image-58.jpeg 480w\" sizes=\"auto, (max-width: 232px) 100vw, 232px\" \/><\/a><br \/>\nHab\u00edan calculado que el s\u00e1bado pasado IBAN a reabrir, pero no se los permitieron y ahora no saben hasta cu\u00e1ndo podr\u00e1n hacerlo.<\/p>\n","protected":false},"excerpt":{"rendered":"<p>La tradicional cantina meridana La Casita de Paja a\u00fan no puede reabrir sus puertas debido a que no recibe autorizaci\u00f3n de las autoridades sanitarias. Pese a que los due\u00f1os aseguran<\/p>\n","protected":false},"author":1,"featured_media":48515,"comment_status":"open","ping_status":"open","sticky":false,"template":"","format":"standard","meta":{"jetpack_post_was_ever_published":false,"_jetpack_newsletter_access":"","_jetpack_dont_email_post_to_subs":true,"_jetpack_newsletter_tier_id":0,"_jetpack_memberships_contains_paywalled_content":false,"_jetpack_memberships_contains_paid_content":false,"footnotes":"","jetpack_publicize_message":"","jetpack_publicize_feature_enabled":true,"jetpack_social_post_already_shared":true,"jetpack_social_options":{"image_generator_settings":{"template":"highway","default_image_id":0,"font":"","enabled":false},"version":2}},"categories":[3,54],"tags":[],"class_list":["post-49091","post","type-post","status-publish","format-standard","has-post-thumbnail","hentry","category-portada","category-yucatan"],"jetpack_publicize_connections":[],"jetpack_featured_media_url":"https:\/\/formalprision.com\/wp-content\/uploads\/2016\/09\/image-96-e1475248133529.jpeg","jetpack_sharing_enabled":true,"jetpack_shortlink":"https:\/\/wp.me\/p6id8p-cLN","_links":{"self":[{"href":"https:\/\/formalprision.com\/index.php?rest_route=\/wp\/v2\/posts\/49091","targetHints":{"allow":["GET"]}}],"collection":[{"href":"https:\/\/formalprision.com\/index.php?rest_route=\/wp\/v2\/posts"}],"about":[{"href":"https:\/\/formalprision.com\/index.php?rest_route=\/wp\/v2\/types\/post"}],"author":[{"embeddable":true,"href":"https:\/\/formalprision.com\/index.php?rest_route=\/wp\/v2\/users\/1"}],"replies":[{"embeddable":true,"href":"https:\/\/formalprision.com\/index.php?rest_route=%2Fwp%2Fv2%2Fcomments&post=49091"}],"version-history":[{"count":0,"href":"https:\/\/formalprision.com\/index.php?rest_route=\/wp\/v2\/posts\/49091\/revisions"}],"wp:featuredmedia":[{"embeddable":true,"href":"https:\/\/formalprision.com\/index.php?rest_route=\/wp\/v2\/media\/48515"}],"wp:attachment":[{"href":"https:\/\/formalprision.com\/index.php?rest_route=%2Fwp%2Fv2%2Fmedia&parent=49091"}],"wp:term":[{"taxonomy":"category","embeddable":true,"href":"https:\/\/formalprision.com\/index.php?rest_route=%2Fwp%2Fv2%2Fcategories&post=49091"},{"taxonomy":"post_tag","embeddable":true,"href":"https:\/\/formalprision.com\/index.php?rest_route=%2Fwp%2Fv2%2Ftags&post=49091"}],"curies":[{"name":"wp","href":"https:\/\/api.w.org\/{rel}","templated":true}]}}