{"id":49104,"date":"2016-10-14T15:57:05","date_gmt":"2016-10-14T20:57:05","guid":{"rendered":"http:\/\/formalprision.com\/?p=49104"},"modified":"2016-10-16T12:37:10","modified_gmt":"2016-10-16T17:37:10","slug":"diputados-y-senadores-yucatecos-hacen-un-desastre-en-la-ciudad-de-mexico","status":"publish","type":"post","link":"https:\/\/formalprision.com\/?p=49104","title":{"rendered":"Diputados y senadores yucatecos hacen un desastre en la Ciudad de M\u00e9xico"},"content":{"rendered":"<p>Un verdadero desastre est\u00e1n convertidos los pol\u00edticos representantes de los yucatecos en la C\u00e1mara de Diputados y el Senado.<\/p>\n<p>Salvo algunas excepciones, en los \u00faltimos d\u00edas cinco de ellos dieron de que hablar al exhibirse de fea forma en p\u00fablico.<\/p>\n<p>Y ni a quien irle. Lucely Alpizar se mont\u00f3 en una bicicleta solo para posar para las c\u00e1maras, Emilio Gamboa aterriz\u00f3 en un helic\u00f3ptero en la zona protegida de Alacranes, Ivonne Ortega se subi\u00f3 a un telef\u00e9rico para promocionar su imagen y Jorge Carlos Ram\u00edrez Mar\u00edn y Ang\u00e9lica Araujo Lara usaron la tribuna de la C\u00e1mara de Diputados y del Senado para \u00abfelicitar al Am\u00e9rica\u00bb.<\/p>\n<p>Los cinco son pri\u00edstas y al menos dos de ellos en abierta campa\u00f1a rumbo a 2018.<\/p>\n<p>La primera en &#8216;regarla&#8217; fue la diputada Lucely Alpizar Carrillo pues el D\u00eda Mundial sin Autom\u00f3vil, en la Ciudad de M\u00e9xico aprovech\u00f3 para posar para la foto sobre una bicicleta, misma que manej\u00f3 un par de calles, para luego subir a su camioneta, acci\u00f3n considerada una burla a millones de mexicanos.<\/p>\n<p>Sin embargo, m\u00e1s que burla, la legisladora se exhibi\u00f3 y dej\u00f3 en verg\u00fcenza a sus representados yucatecos.<\/p>\n<p><a href=\"http:\/\/formalprision.com\/wp-content\/uploads\/2016\/10\/image-60-e1476478294115.jpeg\"><img loading=\"lazy\" decoding=\"async\" class=\"size-medium wp-image-49106 aligncenter\" src=\"http:\/\/formalprision.com\/wp-content\/uploads\/2016\/10\/image-60-225x300.jpeg\" alt=\"image\" width=\"225\" height=\"300\" srcset=\"https:\/\/formalprision.com\/wp-content\/uploads\/2016\/10\/image-60-225x300.jpeg 225w, https:\/\/formalprision.com\/wp-content\/uploads\/2016\/10\/image-60-768x1024.jpeg 768w, https:\/\/formalprision.com\/wp-content\/uploads\/2016\/10\/image-60.jpeg 1536w\" sizes=\"auto, (max-width: 225px) 100vw, 225px\" \/><\/a><\/p>\n<p>Ya antes, el alcalde de Muxupip, emanado de PANAL, denunci\u00f3 que la diputada federal Lucely Alpizar no respetaba la autonom\u00eda municipal, al repartir apoyos en lo oscurito, as\u00ed como tener reuniones privadas sin dar su lugar al Ayuntamiento.<\/p>\n<p>Luego sigui\u00f3 el senador Gambia Patr\u00f3n, quien fue videograbado cuando el helic\u00f3ptero en que viajaba aterriz\u00f3 en un lugar prohibido, en Alacranes, para luego abordar un yate de su amigo Emilio D\u00edaz Castellanos.<\/p>\n<p>El yucateco, despu\u00e9s de ser exhibido, reconoci\u00f3 el error, pero culp\u00f3 de todo al piloto de la aeronave&#8230;<\/p>\n<p><a href=\"http:\/\/formalprision.com\/wp-content\/uploads\/2016\/10\/image-61.jpeg\"><img loading=\"lazy\" decoding=\"async\" class=\"size-medium wp-image-49107 aligncenter\" src=\"http:\/\/formalprision.com\/wp-content\/uploads\/2016\/10\/image-61-300x220.jpeg\" alt=\"image\" width=\"300\" height=\"220\" srcset=\"https:\/\/formalprision.com\/wp-content\/uploads\/2016\/10\/image-61-300x220.jpeg 300w, https:\/\/formalprision.com\/wp-content\/uploads\/2016\/10\/image-61.jpeg 410w\" sizes=\"auto, (max-width: 300px) 100vw, 300px\" \/><\/a><\/p>\n<p>Despu\u00e9s, le toc\u00f3 turno a la ex gobernadora Ivonne Ortega Pacheco, quien se mont\u00f3 en el telef\u00e9rico que entr\u00f3 en funciones en Ecatepec, en el Estafo de M\u00e9xico.<\/p>\n<p>La legisladora difundi\u00f3 en sus redes sociales varias fotograf\u00edas de su viaje en ese medio de transporte, que por cierto empez\u00f3 a tener fallas despu\u00e9s, lo que algunos aprovecharon para hacer bromas se\u00f1alando que la la ex gobernadora &#8216;le ech\u00f3 la sal&#8217;.<\/p>\n<p>D\u00edas previos, Ivonne Ortega hab\u00eda dado de qu\u00e9 hablar al exigir justicia para los 43 normalistas desaparecidos, pero de esto informaremos en nota aparte.<\/p>\n<p><a href=\"http:\/\/formalprision.com\/wp-content\/uploads\/2016\/10\/image-62-e1476478462508.jpeg\"><img loading=\"lazy\" decoding=\"async\" class=\"size-medium wp-image-49108 aligncenter\" src=\"http:\/\/formalprision.com\/wp-content\/uploads\/2016\/10\/image-62-300x225.jpeg\" alt=\"image\" width=\"300\" height=\"225\" srcset=\"https:\/\/formalprision.com\/wp-content\/uploads\/2016\/10\/image-62-300x225.jpeg 300w, https:\/\/formalprision.com\/wp-content\/uploads\/2016\/10\/image-62-768x576.jpeg 768w, https:\/\/formalprision.com\/wp-content\/uploads\/2016\/10\/image-62-1024x768.jpeg 1024w, https:\/\/formalprision.com\/wp-content\/uploads\/2016\/10\/image-62.jpeg 1280w\" sizes=\"auto, (max-width: 300px) 100vw, 300px\" \/><\/a><\/p>\n<p>&nbsp;<\/p>\n<p>Por si no fuera suficiente con estos dos hechos, el diputado Jorge Carlos Ram\u00edrez Mar\u00edn utiliz\u00f3 la tribuna de la C\u00e1mara de Diputados para \u2018felicitar\u2019 al club de f\u00fatbol Am\u00e9rica por el centenario de este equipo.<\/p>\n<p>Su gesto, como informamos, caus\u00f3 aplausos de algunos de sus compa\u00f1eros y risas, gritos y burlas de de otros.<\/p>\n<blockquote class=\"twitter-video\" data-lang=\"es\">\n<p dir=\"ltr\" lang=\"es\">Y como soy un hombre que cumple sus promesas, celebramos <a href=\"https:\/\/twitter.com\/hashtag\/100A%C3%B1osDeGrandeza?src=hash\">#100A\u00f1osDeGrandeza<\/a> y de historia del mejor equipo de M\u00e9xico. \u00a1El <a href=\"https:\/\/twitter.com\/ClubAmerica\">@ClubAmerica<\/a>! ???????? <a href=\"https:\/\/t.co\/OeAJkNC1rK\">pic.twitter.com\/OeAJkNC1rK<\/a><\/p>\n<p>\u2014 JC Ram\u00edrez Mar\u00edn (@jc_ramirezmarin) <a href=\"https:\/\/twitter.com\/jc_ramirezmarin\/status\/786350366417833984\">12 de octubre de 2016<\/a><\/p><\/blockquote>\n<p><script async src=\"\/\/platform.twitter.com\/widgets.js\" charset=\"utf-8\"><\/script><\/p>\n<p>\u201cPresidente, solo quiero abusar de esta tribuna para cumplir una promesa: son 100 a\u00f1os del mejor equipo del mundo, el Am\u00e9rica\u201d, expres\u00f3 el legislador poco despu\u00e9s de su intervenci\u00f3n \u00abseria\u00bb cuando se aprob\u00f3 la Ley General de Asentamientos Humanos, Ordenamiento Territorial y Desarrollo Urbano<\/p>\n<p><a href=\"http:\/\/formalprision.com\/wp-content\/uploads\/2016\/10\/image-47-e1476348963469.jpeg\"><img loading=\"lazy\" decoding=\"async\" class=\"size-medium wp-image-49024 aligncenter\" src=\"http:\/\/formalprision.com\/wp-content\/uploads\/2016\/10\/image-47-300x274.jpeg\" alt=\"image\" width=\"300\" height=\"274\" \/><\/a><\/p>\n<p>Pero, aunque parezca incre\u00edble, no todo acab\u00f3 ah\u00ed, pues los rid\u00edculos siguieron y le toc\u00f3 el turno a Ang\u00e9lica Araujo Lara, ex alcaldesa de M\u00e9rida, quien hizo lo mismo que Ram\u00edrez Mar\u00edn, pero en el Senado.<\/p>\n<p>Para sorpresa de todos, la pol\u00e9mica priista se\u00f1al\u00f3 que \u00abHay instituciones que son representativas de los mexicanos, como son las instituciones en materia del futbol&#8230; Yo quiero hoy felicitar a una instituci\u00f3n que el d\u00eda de ayer (por el mi\u00e9rcoles) cumpli\u00f3 a\u00f1os, como es la instituci\u00f3n del club Am\u00e9rica y quiero que lo pongan de manifiesto, porque la verdad considero que es algo que representa a muchos mexicanos. Felicidades al Club\u201d.<\/p>\n<p><a href=\"http:\/\/formalprision.com\/wp-content\/uploads\/2016\/10\/image-63.jpeg\"><img loading=\"lazy\" decoding=\"async\" class=\"size-medium wp-image-49109 aligncenter\" src=\"http:\/\/formalprision.com\/wp-content\/uploads\/2016\/10\/image-63-300x181.jpeg\" alt=\"image\" width=\"300\" height=\"181\" srcset=\"https:\/\/formalprision.com\/wp-content\/uploads\/2016\/10\/image-63-300x181.jpeg 300w, https:\/\/formalprision.com\/wp-content\/uploads\/2016\/10\/image-63-768x463.jpeg 768w, https:\/\/formalprision.com\/wp-content\/uploads\/2016\/10\/image-63.jpeg 990w\" sizes=\"auto, (max-width: 300px) 100vw, 300px\" \/><\/a><\/p>\n<p>Lo expresado por la senadora caus\u00f3 diversas reacciones, pero la que m\u00e1s llam\u00f3 la atenci\u00f3n fue la del presidente de la mesa directiva quien le respondi\u00f3 sarc\u00e1sticamente \u00bb Gracias, gracias senadora y antes de iniciar un debate aqu\u00ed respecto al tema, vamos a terminar la sesi\u00f3n\u00bb.<\/p>\n<p>As\u00ed fue como los &#8216;cinco fant\u00e1sticos&#8217; se exhibieron y exhibieron a los yucatecos en las m\u00e1s altas esferas pol\u00edticas del pa\u00eds.<\/p>\n<p><iframe loading=\"lazy\" src=\"https:\/\/www.youtube.com\/embed\/Tr0NvrA3Xvw\" width=\"560\" height=\"315\" frameborder=\"0\" allowfullscreen=\"allowfullscreen\"><\/iframe><\/p>\n","protected":false},"excerpt":{"rendered":"<p>Un verdadero desastre est\u00e1n convertidos los pol\u00edticos representantes de los yucatecos en la C\u00e1mara de Diputados y el Senado. Salvo algunas excepciones, en los \u00faltimos d\u00edas cinco de ellos dieron<\/p>\n","protected":false},"author":1,"featured_media":49105,"comment_status":"open","ping_status":"open","sticky":false,"template":"","format":"standard","meta":{"jetpack_post_was_ever_published":false,"_jetpack_newsletter_access":"","_jetpack_dont_email_post_to_subs":true,"_jetpack_newsletter_tier_id":0,"_jetpack_memberships_contains_paywalled_content":false,"_jetpack_memberships_contains_paid_content":false,"footnotes":"","jetpack_publicize_message":"","jetpack_publicize_feature_enabled":true,"jetpack_social_post_already_shared":true,"jetpack_social_options":{"image_generator_settings":{"template":"highway","default_image_id":0,"font":"","enabled":false},"version":2}},"categories":[14,54],"tags":[],"class_list":["post-49104","post","type-post","status-publish","format-standard","has-post-thumbnail","hentry","category-merida","category-yucatan"],"jetpack_publicize_connections":[],"jetpack_featured_media_url":"https:\/\/formalprision.com\/wp-content\/uploads\/2016\/10\/image-59-e1476478203134.jpeg","jetpack_sharing_enabled":true,"jetpack_shortlink":"https:\/\/wp.me\/p6id8p-cM0","_links":{"self":[{"href":"https:\/\/formalprision.com\/index.php?rest_route=\/wp\/v2\/posts\/49104","targetHints":{"allow":["GET"]}}],"collection":[{"href":"https:\/\/formalprision.com\/index.php?rest_route=\/wp\/v2\/posts"}],"about":[{"href":"https:\/\/formalprision.com\/index.php?rest_route=\/wp\/v2\/types\/post"}],"author":[{"embeddable":true,"href":"https:\/\/formalprision.com\/index.php?rest_route=\/wp\/v2\/users\/1"}],"replies":[{"embeddable":true,"href":"https:\/\/formalprision.com\/index.php?rest_route=%2Fwp%2Fv2%2Fcomments&post=49104"}],"version-history":[{"count":0,"href":"https:\/\/formalprision.com\/index.php?rest_route=\/wp\/v2\/posts\/49104\/revisions"}],"wp:featuredmedia":[{"embeddable":true,"href":"https:\/\/formalprision.com\/index.php?rest_route=\/wp\/v2\/media\/49105"}],"wp:attachment":[{"href":"https:\/\/formalprision.com\/index.php?rest_route=%2Fwp%2Fv2%2Fmedia&parent=49104"}],"wp:term":[{"taxonomy":"category","embeddable":true,"href":"https:\/\/formalprision.com\/index.php?rest_route=%2Fwp%2Fv2%2Fcategories&post=49104"},{"taxonomy":"post_tag","embeddable":true,"href":"https:\/\/formalprision.com\/index.php?rest_route=%2Fwp%2Fv2%2Ftags&post=49104"}],"curies":[{"name":"wp","href":"https:\/\/api.w.org\/{rel}","templated":true}]}}