{"id":49118,"date":"2016-10-14T17:47:46","date_gmt":"2016-10-14T22:47:46","guid":{"rendered":"http:\/\/formalprision.com\/?p=49118"},"modified":"2016-10-14T17:47:46","modified_gmt":"2016-10-14T22:47:46","slug":"inauguran-la-18-edicion-de-la-expo-feria-del-comercio","status":"publish","type":"post","link":"https:\/\/formalprision.com\/?p=49118","title":{"rendered":"Inauguran la 18 edici\u00f3n de la Expo Feria del Comercio."},"content":{"rendered":"<p>M\u00e9rida, Yucat\u00e1n, 14 de octubre de 2016.- Como resultado del trabajo en conjunto entre los sectores productivos de la iniciativa privada y los tres \u00f3rdenes de Gobierno, Yucat\u00e1n rebas\u00f3 la generaci\u00f3n de 50 mil nuevos empleos formales en los \u00faltimos cuatro a\u00f1os, destacaron autoridades estatales, federales y empresariales.<\/p>\n<p>En el marco de la inauguraci\u00f3n de la 18 edici\u00f3n de la Expo Feria del Comercio 2016, el Gobernador Rolando Zapata Bello inform\u00f3 que de acuerdo al reporte del Instituto Mexicano del Seguro Social (IMSS), al cierre del mes de septiembre y en tan s\u00f3lo los primeros 48 meses de la presente administraci\u00f3n, la entidad super\u00f3 lo registrado en los 136 meses anteriores en materia de ocupaci\u00f3n laboral.<\/p>\n<p>Previo a realizar el corte del list\u00f3n para la apertura del evento, junto con el presidente de la Confederaci\u00f3n de C\u00e1maras Nacionales de Comercio, Servicios y Turismo (Concanaco-Servytur), Enrique Solana Sent\u00edes, el mandatario signific\u00f3 que las grandes inversiones en proceso, con m\u00e1s de 200 mil metros cuadrados destinados a nuevos espacios comerciales, tendr\u00e1n un impacto econ\u00f3mico positivo para el territorio local.<\/p>\n<p>\u201cEsos resultados no son producto \u00fanicamente de los esfuerzos del Gobierno. Un gobierno no crea empleos, un gobierno genera las condiciones para que la inversi\u00f3n privada y la apuesta de las empresas, de las grandes, las medianas, las peque\u00f1as, de las micro, inviertan y se generen los empleos que necesita el bienestar\u201d, expuso ante la Presidenta del Sistema para el Desarrollo Integral de la Familia (DIF) Yucat\u00e1n, Sarita Blancarte de Zapata y el alcalde de M\u00e9rida, Mauricio Vila Dosal.<\/p>\n<p>Acompa\u00f1ado de dirigentes y representantes de los organismos empresariales de 12 estados del pa\u00eds, Solana Sent\u00edes celebr\u00f3 que la capital yucateca sea sede de la Reuni\u00f3n Regional Sur-Sureste, donde la comunidad del ramo ratificar\u00e1 su compromiso como uno de los principales contribuyentes al desarrollo de la zona.<\/p>\n<p>Por su parte, el presidente de la Canaco-Servytur en M\u00e9rida, Juan Jos\u00e9 Abraham Daguer, resalt\u00f3 que al cumplir sus primeros 18 a\u00f1os de actividades, el magno acontecimiento se ha convertido en un escaparate atractivo y consolidado a nivel nacional por el n\u00famero de expositores y la afluencia de visitantes, que para este a\u00f1o se espera supere las 300 mil personas.<\/p>\n<p>Hasta el 17 de octubre, la Expo Feria del Comercio ofrecer\u00e1 en las instalaciones del Centro de Convenciones Yucat\u00e1n Siglo XXI, m\u00e1s de 400 espacios para la exhibici\u00f3n de ofertas, promociones y lanzamientos de novedosos art\u00edculos y servicios dirigidos a diversos segmentos de la sociedad.<\/p>\n<p>Tras la ceremonia de inauguraci\u00f3n, las autoridades realizaron un recorrido por los diferentes m\u00f3dulos, en los que constataron los productos de 400 compa\u00f1\u00edas relacionadas con los \u00e1mbitos tecnol\u00f3gico, artesanal, as\u00ed como de proyectos y negocios de emprendedores.<\/p>\n","protected":false},"excerpt":{"rendered":"<p>M\u00e9rida, Yucat\u00e1n, 14 de octubre de 2016.- Como resultado del trabajo en conjunto entre los sectores productivos de la iniciativa privada y los tres \u00f3rdenes de Gobierno, Yucat\u00e1n rebas\u00f3 la<\/p>\n","protected":false},"author":1,"featured_media":49119,"comment_status":"open","ping_status":"open","sticky":false,"template":"","format":"standard","meta":{"jetpack_post_was_ever_published":false,"_jetpack_newsletter_access":"","_jetpack_dont_email_post_to_subs":false,"_jetpack_newsletter_tier_id":0,"_jetpack_memberships_contains_paywalled_content":false,"_jetpack_memberships_contains_paid_content":false,"footnotes":"","jetpack_publicize_message":"","jetpack_publicize_feature_enabled":true,"jetpack_social_post_already_shared":true,"jetpack_social_options":{"image_generator_settings":{"template":"highway","default_image_id":0,"font":"","enabled":false},"version":2}},"categories":[17],"tags":[],"class_list":["post-49118","post","type-post","status-publish","format-standard","has-post-thumbnail","hentry","category-politica-y-gobierno"],"jetpack_publicize_connections":[],"jetpack_featured_media_url":"https:\/\/formalprision.com\/wp-content\/uploads\/2016\/10\/image-66-e1476485217585.jpeg","jetpack_sharing_enabled":true,"jetpack_shortlink":"https:\/\/wp.me\/p6id8p-cMe","_links":{"self":[{"href":"https:\/\/formalprision.com\/index.php?rest_route=\/wp\/v2\/posts\/49118","targetHints":{"allow":["GET"]}}],"collection":[{"href":"https:\/\/formalprision.com\/index.php?rest_route=\/wp\/v2\/posts"}],"about":[{"href":"https:\/\/formalprision.com\/index.php?rest_route=\/wp\/v2\/types\/post"}],"author":[{"embeddable":true,"href":"https:\/\/formalprision.com\/index.php?rest_route=\/wp\/v2\/users\/1"}],"replies":[{"embeddable":true,"href":"https:\/\/formalprision.com\/index.php?rest_route=%2Fwp%2Fv2%2Fcomments&post=49118"}],"version-history":[{"count":0,"href":"https:\/\/formalprision.com\/index.php?rest_route=\/wp\/v2\/posts\/49118\/revisions"}],"wp:featuredmedia":[{"embeddable":true,"href":"https:\/\/formalprision.com\/index.php?rest_route=\/wp\/v2\/media\/49119"}],"wp:attachment":[{"href":"https:\/\/formalprision.com\/index.php?rest_route=%2Fwp%2Fv2%2Fmedia&parent=49118"}],"wp:term":[{"taxonomy":"category","embeddable":true,"href":"https:\/\/formalprision.com\/index.php?rest_route=%2Fwp%2Fv2%2Fcategories&post=49118"},{"taxonomy":"post_tag","embeddable":true,"href":"https:\/\/formalprision.com\/index.php?rest_route=%2Fwp%2Fv2%2Ftags&post=49118"}],"curies":[{"name":"wp","href":"https:\/\/api.w.org\/{rel}","templated":true}]}}