{"id":507,"date":"2015-04-18T17:30:00","date_gmt":"2015-04-18T17:30:00","guid":{"rendered":"http:\/\/formalprision.info\/2015\/04\/18\/este-lunes-llega-merida-avion\/"},"modified":"2015-06-03T08:22:41","modified_gmt":"2015-06-03T08:22:41","slug":"este-lunes-llega-merida-avion","status":"publish","type":"post","link":"https:\/\/formalprision.com\/?p=507","title":{"rendered":"Este lunes llega a M\u00e9rida avi\u00f3n &#39;cazahuracanes&#39;"},"content":{"rendered":"<p>Como parte de los preparativos para la temporada cicl\u00f3nica 2015, este lunes 20 de abril llega a M\u00e9rida un avi\u00f3n \u00abcazahuracanes\u00bb de la Administraci\u00f3n Nacional Oce\u00e1nica y Atmosf\u00e9rica (NOAA por sus siglas en ingl\u00e9s) de Estados Unidos.<\/p>\n<p>La aeronave, en la que viajan expertos en meteorolog\u00eda y otros especialistas, visitar\u00e1 tambi\u00e9n la isla de Cozumel.<\/p>\n<p>En el caso de M\u00e9rida, el \u00abcazahuracanes\u00bb llegar\u00e1 a las 3 de la tarde al Aeropuerto Internacional \u00abManuel Crescencio Rejon\u00bb, ubicado en la carretera Merida-Uman Km. 4.5.<\/p>\n<p>A Cozumel llega al aeropuerto internacional ubicado en Av. 65 y Blvd. Aeropuerto Cozumel.<\/p>\n<p>De acuerdo con informaci\u00f3n que difunde el Consulado de Estados Unidos en M\u00e9rida, la temporada de huracanes &nbsp;2015 no est\u00e1 muy lejos y para ayudar a las comunidades en M\u00e9xico y el Mar Caribe a preparse la NOAA y la Reserva de la Fuerza A\u00e9rea de los Estados Unidos promueven una serie de eventos, que incluyen la visita a un \u00abavion cazahuranes\u201d .<\/p>\n<p>El director del Centro Nacional de Huracanes (CNH) Rick Knabb, el especialista en huracanes Lixion Avila, el meteor\u00f3logo Eric Christensen y los reservistas de la Fuerza A\u00e9rea del Escuadr\u00f3n de Reconocimiento No. 53, ala 403 \u00abeducar\u00e1n a los residentes de las comunidades vulnerables sobre la preparaci\u00f3n contra huracanes\u00bb.&nbsp;<\/p>\n<p><\/p>\n<div class=\"separator\" style=\"clear: both; text-align: center;\">\n<a href=\"http:\/\/formalprision.com\/wp-content\/uploads\/2015\/04\/caza.jpg\" imageanchor=\"1\" style=\"margin-left: 1em; margin-right: 1em;\"><img loading=\"lazy\" decoding=\"async\" border=\"0\" src=\"http:\/\/formalprision.com\/wp-content\/uploads\/2015\/04\/caza.jpg\" height=\"240\" width=\"320\"><\/a><\/div>\n<p>La visita al avi\u00f3n cazahuracanes ofrece la oportunidad de aprender c\u00f3mo los cient\u00edficos obtienen informaci\u00f3n relacionada con los ciclones tropicales.<\/p>\n<p>\u00abEl a\u00f1o pasado, M\u00e9xico fue afectado por seis ciclones tropicales, incluyendo dos de la cuenca del Atl\u00e1ntico y cuatro del Pac\u00edfico Oriental. Uno de ellos fue Odile, un hurac\u00e1n intenso que azot\u00f3 la pen\u00ednsula de Baja California\u201d, dijo Knabb. \u00abEsta gira es una oportunidad crucial para trabajar con nuestros hom\u00f3logos a trav\u00e9s de M\u00e9xico y el Mar Caribe. Debemos ayudarlos a prepararse para el pr\u00f3ximo hurac\u00e1n y reducer asi la p\u00e9rdida de vidas humanas y materiales\u201d.<\/p>\n<p>Durante la temporada de huracanes 2014, el Escuadr\u00f3n de Reconocimiento No. 53 realiz\u00f3 52 misiones, incluyendo 13 vuelos de investigaci\u00f3n sobre el Atl\u00e1ntico para el Centro Nacional de Huracanes. Tambi\u00e9n volaron en cinco ocasiones en el Pac\u00edfico Oriental y 17 veces sobre el Pac\u00edfico Central. La temporada de huracanes comienza en el Pac\u00edfico Oriental el 15 de mayo y en el Oc\u00e9ano Atl\u00e1ntico el 1 de junio.<\/p>\n<p><\/p>\n<div class=\"separator\" style=\"clear: both; text-align: center;\">\n<a href=\"http:\/\/formalprision.com\/wp-content\/uploads\/2015\/04\/hura.jpg\" imageanchor=\"1\" style=\"margin-left: 1em; margin-right: 1em;\"><img loading=\"lazy\" decoding=\"async\" border=\"0\" src=\"http:\/\/formalprision.com\/wp-content\/uploads\/2015\/04\/hura.jpg\" height=\"213\" width=\"320\"><\/a><\/div>\n","protected":false},"excerpt":{"rendered":"<p>Como parte de los preparativos para la temporada cicl\u00f3nica 2015, este lunes 20 de abril llega a M\u00e9rida un avi\u00f3n \u00abcazahuracanes\u00bb de la Administraci\u00f3n Nacional Oce\u00e1nica y Atmosf\u00e9rica (NOAA por<\/p>\n","protected":false},"author":1,"featured_media":11058,"comment_status":"open","ping_status":"open","sticky":false,"template":"","format":"standard","meta":{"jetpack_post_was_ever_published":false,"_jetpack_newsletter_access":"","_jetpack_dont_email_post_to_subs":false,"_jetpack_newsletter_tier_id":0,"_jetpack_memberships_contains_paywalled_content":false,"_jetpack_memberships_contains_paid_content":false,"footnotes":"","jetpack_publicize_message":"","jetpack_publicize_feature_enabled":true,"jetpack_social_post_already_shared":false,"jetpack_social_options":{"image_generator_settings":{"template":"highway","default_image_id":0,"font":"","enabled":false},"version":2}},"categories":[3,1],"tags":[],"class_list":["post-507","post","type-post","status-publish","format-standard","has-post-thumbnail","hentry","category-portada","category-sin-categoria"],"jetpack_publicize_connections":[],"jetpack_featured_media_url":"https:\/\/formalprision.com\/wp-content\/uploads\/2015\/04\/caza.jpg","jetpack_sharing_enabled":true,"jetpack_shortlink":"https:\/\/wp.me\/p6id8p-8b","_links":{"self":[{"href":"https:\/\/formalprision.com\/index.php?rest_route=\/wp\/v2\/posts\/507","targetHints":{"allow":["GET"]}}],"collection":[{"href":"https:\/\/formalprision.com\/index.php?rest_route=\/wp\/v2\/posts"}],"about":[{"href":"https:\/\/formalprision.com\/index.php?rest_route=\/wp\/v2\/types\/post"}],"author":[{"embeddable":true,"href":"https:\/\/formalprision.com\/index.php?rest_route=\/wp\/v2\/users\/1"}],"replies":[{"embeddable":true,"href":"https:\/\/formalprision.com\/index.php?rest_route=%2Fwp%2Fv2%2Fcomments&post=507"}],"version-history":[{"count":0,"href":"https:\/\/formalprision.com\/index.php?rest_route=\/wp\/v2\/posts\/507\/revisions"}],"wp:featuredmedia":[{"embeddable":true,"href":"https:\/\/formalprision.com\/index.php?rest_route=\/wp\/v2\/media\/11058"}],"wp:attachment":[{"href":"https:\/\/formalprision.com\/index.php?rest_route=%2Fwp%2Fv2%2Fmedia&parent=507"}],"wp:term":[{"taxonomy":"category","embeddable":true,"href":"https:\/\/formalprision.com\/index.php?rest_route=%2Fwp%2Fv2%2Fcategories&post=507"},{"taxonomy":"post_tag","embeddable":true,"href":"https:\/\/formalprision.com\/index.php?rest_route=%2Fwp%2Fv2%2Ftags&post=507"}],"curies":[{"name":"wp","href":"https:\/\/api.w.org\/{rel}","templated":true}]}}