{"id":5459,"date":"2013-05-04T21:39:00","date_gmt":"2013-05-04T21:39:00","guid":{"rendered":"http:\/\/formalprision.info\/2013\/05\/04\/a-la-baja-los-incendios-forestales-en\/"},"modified":"2015-06-03T08:46:25","modified_gmt":"2015-06-03T08:46:25","slug":"a-la-baja-los-incendios-forestales-en","status":"publish","type":"post","link":"https:\/\/formalprision.com\/?p=5459","title":{"rendered":"A la baja los incendios forestales en Yucat\u00e1n"},"content":{"rendered":"<p>Gracias a las estrategias de vigilancia y coordinaci\u00f3n de los tres niveles de Gobierno, se ha logrado una disminuci\u00f3n considerable en el n\u00famero de hect\u00e1reas afectadas por incendios forestales.<br \/>\nEn lo que va de la temporada, en Yucat\u00e1n se han contabilizado 968 eventos de fuego, que han afectado cuatro mil 498 hect\u00e1reas, de las cuales 306 son de vegetaci\u00f3n forestal.<br \/>\nEn abril, a pesar de estar restringidas las quemas, se registraron 459 siniestros, de los cuales 272 fueron considerados como conatos, es decir que, por la oportuna intervenci\u00f3n de las dependencias involucradas, el \u00e1rea de afectaci\u00f3n fue menor a una hect\u00e1rea.<br \/>\nEsta \u00faltima semana, la zona con mayor actividad fue la Centro-Norte de la entidad, donde se logr\u00f3 frenar el avance de las conflagraciones gracias a las acciones coordinadas de combate entre las brigadas de la Unidad Estatal de Protecci\u00f3n Civil (PROCIVY), la Direcci\u00f3n de Bomberos de la Secretar\u00eda de Seguridad P\u00fablica (SSP) y la Comisi\u00f3n Nacional Forestal (CONAFOR).<br \/>\nEl mes de mayo se caracteriza por presentar altas temperaturas y cambios s\u00fabitos en la direcci\u00f3n del viento, condiciones que pueden provocar que el fuego que se aplica en la limpia de terrenos se salga de control. Por tanto, se recomienda a los productores agr\u00edcolas solicitar los permisos de quema correspondientes, en el ayuntamiento de su municipio.<br \/>\nA la ciudadan\u00eda en general se le exhorta a reportar los incendios a los n\u00fameros de emergencia 066; al 01 800 719 86 33 de PROCIVY o al  01 800 INCENDIO (01 800 46236346) de la CONAFOR. (Comunicado) <\/p>\n<div class=\"separator\"style=\"clear: both; text-align: center;\"><a href=\"https:\/\/lh4.googleusercontent.com\/-VoSXcHQd9w8\/UYWAKmfc8NI\/AAAAAAAAX98\/W4tQFdn9_u4\/s640\/blogger-image-999393736.jpg\" imageanchor=\"1\" style=\"margin-left: 1em; margin-right: 1em;\"><img decoding=\"async\" border=\"0\" src=\"https:\/\/lh4.googleusercontent.com\/-VoSXcHQd9w8\/UYWAKmfc8NI\/AAAAAAAAX98\/W4tQFdn9_u4\/s640\/blogger-image-999393736.jpg\" \/><\/a><\/div>\n","protected":false},"excerpt":{"rendered":"<p>Gracias a las estrategias de vigilancia y coordinaci\u00f3n de los tres niveles de Gobierno, se ha logrado una disminuci\u00f3n considerable en el n\u00famero de hect\u00e1reas afectadas por incendios forestales. En<\/p>\n","protected":false},"author":1,"featured_media":21021,"comment_status":"open","ping_status":"open","sticky":false,"template":"","format":"standard","meta":{"jetpack_post_was_ever_published":false,"_jetpack_newsletter_access":"","_jetpack_dont_email_post_to_subs":false,"_jetpack_newsletter_tier_id":0,"_jetpack_memberships_contains_paywalled_content":false,"_jetpack_memberships_contains_paid_content":false,"footnotes":"","jetpack_publicize_message":"","jetpack_publicize_feature_enabled":true,"jetpack_social_post_already_shared":false,"jetpack_social_options":{"image_generator_settings":{"template":"highway","default_image_id":0,"font":"","enabled":false},"version":2}},"categories":[17,1],"tags":[],"class_list":["post-5459","post","type-post","status-publish","format-standard","has-post-thumbnail","hentry","category-politica-y-gobierno","category-sin-categoria"],"jetpack_publicize_connections":[],"jetpack_featured_media_url":"https:\/\/formalprision.com\/wp-content\/uploads\/2013\/05\/blogger-image-999393736.jpg","jetpack_sharing_enabled":true,"jetpack_shortlink":"https:\/\/wp.me\/p6id8p-1q3","_links":{"self":[{"href":"https:\/\/formalprision.com\/index.php?rest_route=\/wp\/v2\/posts\/5459","targetHints":{"allow":["GET"]}}],"collection":[{"href":"https:\/\/formalprision.com\/index.php?rest_route=\/wp\/v2\/posts"}],"about":[{"href":"https:\/\/formalprision.com\/index.php?rest_route=\/wp\/v2\/types\/post"}],"author":[{"embeddable":true,"href":"https:\/\/formalprision.com\/index.php?rest_route=\/wp\/v2\/users\/1"}],"replies":[{"embeddable":true,"href":"https:\/\/formalprision.com\/index.php?rest_route=%2Fwp%2Fv2%2Fcomments&post=5459"}],"version-history":[{"count":0,"href":"https:\/\/formalprision.com\/index.php?rest_route=\/wp\/v2\/posts\/5459\/revisions"}],"wp:featuredmedia":[{"embeddable":true,"href":"https:\/\/formalprision.com\/index.php?rest_route=\/wp\/v2\/media\/21021"}],"wp:attachment":[{"href":"https:\/\/formalprision.com\/index.php?rest_route=%2Fwp%2Fv2%2Fmedia&parent=5459"}],"wp:term":[{"taxonomy":"category","embeddable":true,"href":"https:\/\/formalprision.com\/index.php?rest_route=%2Fwp%2Fv2%2Fcategories&post=5459"},{"taxonomy":"post_tag","embeddable":true,"href":"https:\/\/formalprision.com\/index.php?rest_route=%2Fwp%2Fv2%2Ftags&post=5459"}],"curies":[{"name":"wp","href":"https:\/\/api.w.org\/{rel}","templated":true}]}}