{"id":54756,"date":"2017-03-09T23:27:43","date_gmt":"2017-03-10T04:27:43","guid":{"rendered":"http:\/\/formalprision.com\/?p=54756"},"modified":"2017-03-09T23:27:43","modified_gmt":"2017-03-10T04:27:43","slug":"convivencia-en-la-ssp-por-el-dia-internacional-de-la-mujer","status":"publish","type":"post","link":"https:\/\/formalprision.com\/?p=54756","title":{"rendered":"Convivencia en la SSP por el d\u00eda Internacional de la Mujer"},"content":{"rendered":"<div>M\u00e9rida, Yucat\u00e1n., 9 de marzo de 2017.- Mujeres que laboran en \u00e1reas operativas y administrativas de la Secretar\u00eda de Seguridad P\u00fablica (SSP), celebraron el d\u00eda Internacional de la Mujer en una grata convivencia organizada por el Patronato Pro Hijo del Polic\u00eda que preside Mar\u00eda Ang\u00e9lica Fern\u00e1ndez de Said\u00e9n.<\/div>\n<div><\/div>\n<div>Durante el \u00a0entusiasta mensaje, la se\u00f1ora Fern\u00e1ndez de Said\u00e9n, reconoci\u00f3 el trabajo que desempe\u00f1a el personal femenino dentro de la corporaci\u00f3n.<\/div>\n<div><\/div>\n<div>\u00abEste rato especial, es para convivir, reciban una felicitaci\u00f3n especial del secretario de Seguridad P\u00fablica. Y a\u00f1adi\u00f3, \u00a0\u00e9l apoya y valora el profesionalismo de las mujeres\u00bb.<\/div>\n<div><\/div>\n<div>Coment\u00f3 \u00a0que \u00a0la intenci\u00f3n es mantener el contacto directo con el personal y en cada iniciativa, cuenta con el apoyo del titular de la corporaci\u00f3n.<\/div>\n<div><\/div>\n<div>La alegre convivencia estuvo amenizada por el mariachi Halcones y la Banda Magistral de la SSP. Adem\u00e1s, se cont\u00f3 con el espect\u00e1culo \u00a0de la actriz \u00abChepita Cacat\u00faa\u00bb.<\/div>\n<div><\/div>\n<div>Las asistentes degustaron platillos regionales y postres.<\/div>\n","protected":false},"excerpt":{"rendered":"<p>M\u00e9rida, Yucat\u00e1n., 9 de marzo de 2017.- Mujeres que laboran en \u00e1reas operativas y administrativas de la Secretar\u00eda de Seguridad P\u00fablica (SSP), celebraron el d\u00eda Internacional de la Mujer en<\/p>\n","protected":false},"author":1,"featured_media":54757,"comment_status":"open","ping_status":"open","sticky":false,"template":"","format":"standard","meta":{"jetpack_post_was_ever_published":false,"_jetpack_newsletter_access":"","_jetpack_dont_email_post_to_subs":false,"_jetpack_newsletter_tier_id":0,"_jetpack_memberships_contains_paywalled_content":false,"_jetpack_memberships_contains_paid_content":false,"footnotes":"","jetpack_publicize_message":"","jetpack_publicize_feature_enabled":true,"jetpack_social_post_already_shared":true,"jetpack_social_options":{"image_generator_settings":{"template":"highway","default_image_id":0,"font":"","enabled":false},"version":2}},"categories":[14],"tags":[],"class_list":["post-54756","post","type-post","status-publish","format-standard","has-post-thumbnail","hentry","category-merida"],"jetpack_publicize_connections":[],"jetpack_featured_media_url":"https:\/\/formalprision.com\/wp-content\/uploads\/2017\/03\/IMG_6743-e1489119963393.jpg","jetpack_sharing_enabled":true,"jetpack_shortlink":"https:\/\/wp.me\/p6id8p-efa","_links":{"self":[{"href":"https:\/\/formalprision.com\/index.php?rest_route=\/wp\/v2\/posts\/54756","targetHints":{"allow":["GET"]}}],"collection":[{"href":"https:\/\/formalprision.com\/index.php?rest_route=\/wp\/v2\/posts"}],"about":[{"href":"https:\/\/formalprision.com\/index.php?rest_route=\/wp\/v2\/types\/post"}],"author":[{"embeddable":true,"href":"https:\/\/formalprision.com\/index.php?rest_route=\/wp\/v2\/users\/1"}],"replies":[{"embeddable":true,"href":"https:\/\/formalprision.com\/index.php?rest_route=%2Fwp%2Fv2%2Fcomments&post=54756"}],"version-history":[{"count":0,"href":"https:\/\/formalprision.com\/index.php?rest_route=\/wp\/v2\/posts\/54756\/revisions"}],"wp:featuredmedia":[{"embeddable":true,"href":"https:\/\/formalprision.com\/index.php?rest_route=\/wp\/v2\/media\/54757"}],"wp:attachment":[{"href":"https:\/\/formalprision.com\/index.php?rest_route=%2Fwp%2Fv2%2Fmedia&parent=54756"}],"wp:term":[{"taxonomy":"category","embeddable":true,"href":"https:\/\/formalprision.com\/index.php?rest_route=%2Fwp%2Fv2%2Fcategories&post=54756"},{"taxonomy":"post_tag","embeddable":true,"href":"https:\/\/formalprision.com\/index.php?rest_route=%2Fwp%2Fv2%2Ftags&post=54756"}],"curies":[{"name":"wp","href":"https:\/\/api.w.org\/{rel}","templated":true}]}}