{"id":54764,"date":"2017-03-10T02:18:38","date_gmt":"2017-03-10T07:18:38","guid":{"rendered":"http:\/\/formalprision.com\/?p=54764"},"modified":"2017-03-10T09:38:35","modified_gmt":"2017-03-10T14:38:35","slug":"seguira-preso-abogado-al-que-le-hace-dano-la-coca-cola","status":"publish","type":"post","link":"https:\/\/formalprision.com\/?p=54764","title":{"rendered":"Seguir\u00e1 preso abogado al que le &#8216;hace da\u00f1o&#8217; la Coca Cola"},"content":{"rendered":"<p>Pese a que no est\u00e1 acusado de un delito grave, el abogado Esteban de Jes\u00fas Castellano C\u00e1mara se quedar\u00e1 nueve meses preso, en lo que se desarrolla el juicio en su contra por \u00abaprovecharse\u00bb de la muerte de su t\u00edo-abuelo Nicol\u00e1s C\u00e1mara Pe\u00f3n, quien falleci\u00f3 a los 102 a\u00f1os.<br \/>\nEl Juzgado de Control que lleva el caso dict\u00f3 este jueves auto de vinculaci\u00f3n a proceso en contra del abogado por por abuso de confianza y fraude, denunciado por Armando Pe\u00f3n Mier y Ter\u00e1n y Alonso Roman Cuevas Ocampo.<br \/>\nEllos denunciaron en sus caracteres de apoderados de la sucesi\u00f3n testamentaria de Nicolas C\u00e1mara Pe\u00f3n, t\u00edo abuelo del detenido.<br \/>\nSe decret\u00f3 como medida cautelar personal de prisi\u00f3n preventiva cautelada por 9 meses, misma que concluir\u00e1 el 8 de diciembre de este a\u00f1o.\u00a0Se fij\u00f3 como plazo de investigaci\u00f3n de 2 meses.<br \/>\nAl parecer, al abogado no se le concedi\u00f3 la libertad condicional debido a que tiene pasaporte y visa para viajar al extranjero y podr\u00eda sustraerse de la justicia.<br \/>\nSin embargo, en c\u00edrculos judiciales se habla de que el abogado se qued\u00f3 preso por influencia de la familia Ponce, concesionaria de la Coca Cola en la Pen\u00ednsula de Yucat\u00e1n, toda vez que defiende al joven Ermilo Castilla Ponce, miembro de esa misma familia que est\u00e1 en pleito legal con sus millonarios parientes.<br \/>\nCastellano C\u00e1mara, como informamos, fue detenido la semana pasada a las puertas de los juzgados penales.<br \/>\nSe le acusa porque en 2015, al fallecer el se\u00f1or Nicol\u00e1s C\u00e1mara Pe\u00f3n, quien ten\u00eda 102 a\u00f1os, le otorg\u00f3 un poder notarial limitado a Esteban de Jes\u00fas.<br \/>\nSin embargo, al parecer, dispuso de dicho documento y se hizo de los bienes de los afectados y por eso fue denunciado por Armando Pe\u00f3n Mier y Ter\u00e1n, apoderado de Marisabel C\u00e1mara C\u00e1mara, y Pedro Canch\u00e9 Sulub, quien lo cuid\u00f3 los \u00faltimos 30 a\u00f1os.<\/p>\n","protected":false},"excerpt":{"rendered":"<p>Pese a que no est\u00e1 acusado de un delito grave, el abogado Esteban de Jes\u00fas Castellano C\u00e1mara se quedar\u00e1 nueve meses preso, en lo que se desarrolla el juicio en<\/p>\n","protected":false},"author":1,"featured_media":54765,"comment_status":"open","ping_status":"open","sticky":false,"template":"","format":"standard","meta":{"jetpack_post_was_ever_published":false,"_jetpack_newsletter_access":"","_jetpack_dont_email_post_to_subs":true,"_jetpack_newsletter_tier_id":0,"_jetpack_memberships_contains_paywalled_content":false,"_jetpack_memberships_contains_paid_content":false,"footnotes":"","jetpack_publicize_message":"","jetpack_publicize_feature_enabled":true,"jetpack_social_post_already_shared":true,"jetpack_social_options":{"image_generator_settings":{"template":"highway","default_image_id":0,"font":"","enabled":false},"version":2}},"categories":[54],"tags":[],"class_list":["post-54764","post","type-post","status-publish","format-standard","has-post-thumbnail","hentry","category-yucatan"],"jetpack_publicize_connections":[],"jetpack_featured_media_url":"https:\/\/formalprision.com\/wp-content\/uploads\/2017\/03\/IMG_3170.jpg","jetpack_sharing_enabled":true,"jetpack_shortlink":"https:\/\/wp.me\/p6id8p-efi","_links":{"self":[{"href":"https:\/\/formalprision.com\/index.php?rest_route=\/wp\/v2\/posts\/54764","targetHints":{"allow":["GET"]}}],"collection":[{"href":"https:\/\/formalprision.com\/index.php?rest_route=\/wp\/v2\/posts"}],"about":[{"href":"https:\/\/formalprision.com\/index.php?rest_route=\/wp\/v2\/types\/post"}],"author":[{"embeddable":true,"href":"https:\/\/formalprision.com\/index.php?rest_route=\/wp\/v2\/users\/1"}],"replies":[{"embeddable":true,"href":"https:\/\/formalprision.com\/index.php?rest_route=%2Fwp%2Fv2%2Fcomments&post=54764"}],"version-history":[{"count":0,"href":"https:\/\/formalprision.com\/index.php?rest_route=\/wp\/v2\/posts\/54764\/revisions"}],"wp:featuredmedia":[{"embeddable":true,"href":"https:\/\/formalprision.com\/index.php?rest_route=\/wp\/v2\/media\/54765"}],"wp:attachment":[{"href":"https:\/\/formalprision.com\/index.php?rest_route=%2Fwp%2Fv2%2Fmedia&parent=54764"}],"wp:term":[{"taxonomy":"category","embeddable":true,"href":"https:\/\/formalprision.com\/index.php?rest_route=%2Fwp%2Fv2%2Fcategories&post=54764"},{"taxonomy":"post_tag","embeddable":true,"href":"https:\/\/formalprision.com\/index.php?rest_route=%2Fwp%2Fv2%2Ftags&post=54764"}],"curies":[{"name":"wp","href":"https:\/\/api.w.org\/{rel}","templated":true}]}}