{"id":54807,"date":"2017-03-12T11:13:23","date_gmt":"2017-03-12T16:13:23","guid":{"rendered":"http:\/\/formalprision.com\/?p=54807"},"modified":"2017-03-12T11:13:23","modified_gmt":"2017-03-12T16:13:23","slug":"combate-frontal-contra-la-corrupcion","status":"publish","type":"post","link":"https:\/\/formalprision.com\/?p=54807","title":{"rendered":"Combate frontal contra la corrupci\u00f3n"},"content":{"rendered":"<p>Para combatir eficazmente el fen\u00f3meno de la corrupci\u00f3n es indispensable vincular la gran participaci\u00f3n y acci\u00f3n de la sociedad con el Gobierno, porque esa es la base del impulso hacia la transformaci\u00f3n social, asegur\u00f3 el titular del Poder Ejecutivo, Rolando Zapata Bello, al sumarse a la campa\u00f1a \u201cYo no doy mordida\u201d.<\/p>\n<p>Durante la firma del pacto de esta iniciativa contra dicho flagelo, que promueve la Comisi\u00f3n de Empresarios J\u00f3venes de la Confederaci\u00f3n Patronal de la Rep\u00fablica Mexicana (Coparmex), el mandatario resalt\u00f3 el ejemplo moral y el involucramiento de la juventud en la lucha por abatir este mal social, pues dijo, es s\u00f3lo compartiendo compromisos y enfocando las acciones diarias con rectitud, que se podr\u00e1 consolidar un mejor futuro.<\/p>\n<p>\u201cEsos son los valores que hoy la sociedad mexicana debe invocar y que ustedes est\u00e1n convocando, y lo est\u00e1n haciendo m\u00e1s que con palabras, lo est\u00e1n haciendo con hechos y nos est\u00e1n dando un gran ejemplo a todos, a todos los ciudadanos, principalmente a quienes tenemos una responsabilidad y representaci\u00f3n popular\u201d, se\u00f1al\u00f3.<\/p>\n<p>Acompa\u00f1ado de representantes de c\u00e1maras empresariales, legisladores, alumnos de diferentes universidades, as\u00ed como funcionarios estatales y municipales, Zapata Bello asever\u00f3 que su administraci\u00f3n respalda este pacto y se une al llamado social, \u201cporque todos somos part\u00edcipes de este compromiso solidario, que es un fen\u00f3meno complejo, en el cual todos tenemos que hacer la parte que nos corresponde para poder combatirlo frontalmente\u201d.<\/p>\n<p>La Encuesta Nacional de Evaluaci\u00f3n de Calidad e Impacto Gubernamental, que realiza el Instituto Nacional de Estad\u00edstica y Geograf\u00eda (Inegi), reporta que Yucat\u00e1n es el segundo estado con menor percepci\u00f3n social de la corrupci\u00f3n. No obstante, agreg\u00f3 el mandatario, estamos convencidos de que es una tarea que debe sumar a la poblaci\u00f3n, porque la juventud es quien impulsa las transformaciones.<\/p>\n<p>En ese marco, Zapata Bello firm\u00f3 el acuerdo dentro de esta campa\u00f1a, la cual inici\u00f3 hace cuatro a\u00f1os, siendo esta ocasi\u00f3n la primera que la entidad participa junto con otros 17 estados del pa\u00eds de manera simult\u00e1nea.<\/p>\n<p>A su vez, la presidenta de la Comisi\u00f3n de Empresarios J\u00f3venes de la Coparmex, Alejandra Pacheco Montero, apunt\u00f3 que en esta cruzada se pretende concientizar a la sociedad sobre el da\u00f1o que genera la corrupci\u00f3n y la impunidad, mediante tres pilares basados en no dar mordida, no permitirla y denunciar dichos actos.<\/p>\n<p>\u201cDesde hace 45 d\u00edas hemos estado realizando varias acciones en las calles brindando informaci\u00f3n que proteja a nuestro pa\u00eds. Nos hemos organizados para dar conferencias en universidades, en empresas e instancias p\u00fablicas para explicar este fen\u00f3meno. No ha sido f\u00e1cil, pero hemos recibido esa respuesta de esperanza porque muchos se han puesto la camiseta\u201d, coment\u00f3.<\/p>\n<p>Con \u00e9sta firma del convenio \u201cYo no doy mordida\u201d, se clausura esta campa\u00f1a que perdur\u00f3 en la entidad por 45 d\u00edas, la cual busca sumar voluntades y fomentar una cultura de la legalidad.<\/p>\n","protected":false},"excerpt":{"rendered":"<p>Para combatir eficazmente el fen\u00f3meno de la corrupci\u00f3n es indispensable vincular la gran participaci\u00f3n y acci\u00f3n de la sociedad con el Gobierno, porque esa es la base del impulso hacia<\/p>\n","protected":false},"author":1,"featured_media":54808,"comment_status":"open","ping_status":"open","sticky":false,"template":"","format":"standard","meta":{"jetpack_post_was_ever_published":false,"_jetpack_newsletter_access":"","_jetpack_dont_email_post_to_subs":false,"_jetpack_newsletter_tier_id":0,"_jetpack_memberships_contains_paywalled_content":false,"_jetpack_memberships_contains_paid_content":false,"footnotes":"","jetpack_publicize_message":"","jetpack_publicize_feature_enabled":true,"jetpack_social_post_already_shared":true,"jetpack_social_options":{"image_generator_settings":{"template":"highway","default_image_id":0,"font":"","enabled":false},"version":2}},"categories":[17],"tags":[],"class_list":["post-54807","post","type-post","status-publish","format-standard","has-post-thumbnail","hentry","category-politica-y-gobierno"],"jetpack_publicize_connections":[],"jetpack_featured_media_url":"https:\/\/formalprision.com\/wp-content\/uploads\/2017\/03\/IMG_3193-e1489335167225.jpg","jetpack_sharing_enabled":true,"jetpack_shortlink":"https:\/\/wp.me\/p6id8p-efZ","_links":{"self":[{"href":"https:\/\/formalprision.com\/index.php?rest_route=\/wp\/v2\/posts\/54807","targetHints":{"allow":["GET"]}}],"collection":[{"href":"https:\/\/formalprision.com\/index.php?rest_route=\/wp\/v2\/posts"}],"about":[{"href":"https:\/\/formalprision.com\/index.php?rest_route=\/wp\/v2\/types\/post"}],"author":[{"embeddable":true,"href":"https:\/\/formalprision.com\/index.php?rest_route=\/wp\/v2\/users\/1"}],"replies":[{"embeddable":true,"href":"https:\/\/formalprision.com\/index.php?rest_route=%2Fwp%2Fv2%2Fcomments&post=54807"}],"version-history":[{"count":0,"href":"https:\/\/formalprision.com\/index.php?rest_route=\/wp\/v2\/posts\/54807\/revisions"}],"wp:featuredmedia":[{"embeddable":true,"href":"https:\/\/formalprision.com\/index.php?rest_route=\/wp\/v2\/media\/54808"}],"wp:attachment":[{"href":"https:\/\/formalprision.com\/index.php?rest_route=%2Fwp%2Fv2%2Fmedia&parent=54807"}],"wp:term":[{"taxonomy":"category","embeddable":true,"href":"https:\/\/formalprision.com\/index.php?rest_route=%2Fwp%2Fv2%2Fcategories&post=54807"},{"taxonomy":"post_tag","embeddable":true,"href":"https:\/\/formalprision.com\/index.php?rest_route=%2Fwp%2Fv2%2Ftags&post=54807"}],"curies":[{"name":"wp","href":"https:\/\/api.w.org\/{rel}","templated":true}]}}