{"id":54814,"date":"2017-03-12T12:07:07","date_gmt":"2017-03-12T17:07:07","guid":{"rendered":"http:\/\/formalprision.com\/?p=54814"},"modified":"2017-03-12T12:07:07","modified_gmt":"2017-03-12T17:07:07","slug":"lanzan-candidatura-de-vila-a-traves-de-facebook","status":"publish","type":"post","link":"https:\/\/formalprision.com\/?p=54814","title":{"rendered":"Lanzan &#8216;candidatura&#8217; de Vila a trav\u00e9s de Facebook"},"content":{"rendered":"<p>A fin de apoyar su futuro pol\u00edtico, simpatizantes del alcalde Mauricio Vila Dosal crearon una p\u00e1gina en Facebook para promover su posible candidatura al gobierno del Estado para 2018.<\/p>\n<p>Aunque aparentemente el alcalde no tiene nada que ver con este proyecto en redes sociales, tampoco se ha desligado de la publicaci\u00f3n, lanzada hace varias semanas, pero que a \u00faltimas fechas aument\u00f3 su promoci\u00f3n.<\/p>\n<p>La p\u00e1gina, denominada \u00abVila Para Yucat\u00e1n\u00bb, apenas tiene 579 seguidores, pero cada publicaci\u00f3n genera decenas de comentarios , incluso de gente que no sigue ese perfil, y no siempre a favor del &#8216;candidato&#8217;.<\/p>\n<p>Desde esta p\u00e1gina, se difunden solo acciones positivas del Ayuntamiento de M\u00e9rida, haciendo \u00e9nfasis en la figura de Vila.<\/p>\n<p>Destaca que fuera de la gente &#8216;com\u00fan. Y corriente&#8217;, no solo los pri\u00edstas hacen comentarios negativos de Vila, pues tambi\u00e9n se suman a \u00e9stos los seguidores de Ren\u00e1n Barrera Concha, quien se promueve, sin que le pregunten, como &#8216;gobernable&#8217;<\/p>\n<p>El \u00faltimo post de la publicaci\u00f3n se\u00f1ala \u00abMauricio Vila ha hecho un muy buen trabajo. Y digo esto \u201cp\u00fablicamente\u201d, periodistas que hablan con los hechos ya lo reconocen como uno de los grandes en M\u00e9xico \ud83d\ude0d\ud83d\ude0d\u00bb.<\/p>\n<p>La fotograf\u00eda de &#8216;perfil&#8217; de la p\u00e1gina tiene la leyenda \u00abyo quiero a Vila para gobernador\u00bb.<\/p>\n<p><a href=\"http:\/\/formalprision.com\/wp-content\/uploads\/2017\/03\/IMG_3197.jpg\"><img loading=\"lazy\" decoding=\"async\" class=\"alignnone size-medium wp-image-54816\" src=\"http:\/\/formalprision.com\/wp-content\/uploads\/2017\/03\/IMG_3197-300x146.jpg\" alt=\"\" width=\"300\" height=\"146\" srcset=\"https:\/\/formalprision.com\/wp-content\/uploads\/2017\/03\/IMG_3197-300x146.jpg 300w, https:\/\/formalprision.com\/wp-content\/uploads\/2017\/03\/IMG_3197-768x373.jpg 768w, https:\/\/formalprision.com\/wp-content\/uploads\/2017\/03\/IMG_3197-1024x497.jpg 1024w, https:\/\/formalprision.com\/wp-content\/uploads\/2017\/03\/IMG_3197.jpg 1214w\" sizes=\"auto, (max-width: 300px) 100vw, 300px\" \/><\/a><\/p>\n<p>El impulsor del proyecto no se identifica, pero incluso paga publicidad en la red social para promover la p\u00e1gina.<\/p>\n<p>Como se sabe, la ley proh\u00edbe a funcionarios como Vila hacer este tipo de promoci\u00f3n, pero como oficialmente \u00e9l no tiene nada que ver, la &#8216;candidatura&#8217; del alcalde sigue en pie desde este medio.<\/p>\n","protected":false},"excerpt":{"rendered":"<p>A fin de apoyar su futuro pol\u00edtico, simpatizantes del alcalde Mauricio Vila Dosal crearon una p\u00e1gina en Facebook para promover su posible candidatura al gobierno del Estado para 2018. Aunque<\/p>\n","protected":false},"author":1,"featured_media":54815,"comment_status":"open","ping_status":"open","sticky":false,"template":"","format":"standard","meta":{"jetpack_post_was_ever_published":false,"_jetpack_newsletter_access":"","_jetpack_dont_email_post_to_subs":false,"_jetpack_newsletter_tier_id":0,"_jetpack_memberships_contains_paywalled_content":false,"_jetpack_memberships_contains_paid_content":false,"footnotes":"","jetpack_publicize_message":"","jetpack_publicize_feature_enabled":true,"jetpack_social_post_already_shared":true,"jetpack_social_options":{"image_generator_settings":{"template":"highway","default_image_id":0,"font":"","enabled":false},"version":2}},"categories":[3],"tags":[],"class_list":["post-54814","post","type-post","status-publish","format-standard","has-post-thumbnail","hentry","category-portada"],"jetpack_publicize_connections":[],"jetpack_featured_media_url":"https:\/\/formalprision.com\/wp-content\/uploads\/2017\/03\/IMG_3195.jpg","jetpack_sharing_enabled":true,"jetpack_shortlink":"https:\/\/wp.me\/p6id8p-eg6","_links":{"self":[{"href":"https:\/\/formalprision.com\/index.php?rest_route=\/wp\/v2\/posts\/54814","targetHints":{"allow":["GET"]}}],"collection":[{"href":"https:\/\/formalprision.com\/index.php?rest_route=\/wp\/v2\/posts"}],"about":[{"href":"https:\/\/formalprision.com\/index.php?rest_route=\/wp\/v2\/types\/post"}],"author":[{"embeddable":true,"href":"https:\/\/formalprision.com\/index.php?rest_route=\/wp\/v2\/users\/1"}],"replies":[{"embeddable":true,"href":"https:\/\/formalprision.com\/index.php?rest_route=%2Fwp%2Fv2%2Fcomments&post=54814"}],"version-history":[{"count":0,"href":"https:\/\/formalprision.com\/index.php?rest_route=\/wp\/v2\/posts\/54814\/revisions"}],"wp:featuredmedia":[{"embeddable":true,"href":"https:\/\/formalprision.com\/index.php?rest_route=\/wp\/v2\/media\/54815"}],"wp:attachment":[{"href":"https:\/\/formalprision.com\/index.php?rest_route=%2Fwp%2Fv2%2Fmedia&parent=54814"}],"wp:term":[{"taxonomy":"category","embeddable":true,"href":"https:\/\/formalprision.com\/index.php?rest_route=%2Fwp%2Fv2%2Fcategories&post=54814"},{"taxonomy":"post_tag","embeddable":true,"href":"https:\/\/formalprision.com\/index.php?rest_route=%2Fwp%2Fv2%2Ftags&post=54814"}],"curies":[{"name":"wp","href":"https:\/\/api.w.org\/{rel}","templated":true}]}}