{"id":54825,"date":"2017-03-13T12:52:08","date_gmt":"2017-03-13T17:52:08","guid":{"rendered":"http:\/\/formalprision.com\/?p=54825"},"modified":"2017-03-13T12:52:08","modified_gmt":"2017-03-13T17:52:08","slug":"saiden-sale-en-defensa-de-sus-policias-por-criticas-en-redes-sociales","status":"publish","type":"post","link":"https:\/\/formalprision.com\/?p=54825","title":{"rendered":"Said\u00e9n sale en defensa de sus polic\u00edas por cr\u00edticas en redes sociales"},"content":{"rendered":"<p>Pese a que mucho tiempo ha guardado silencio cuando se hacen se\u00f1alamientos infundados contra sus elementos, este fin de semana el titular de la SSP, Luis Felipe Said\u00e9n Ojeda, alz\u00f3 la voz para defender a sus polic\u00edas y exhortar a la ciudadan\u00eda a valorar el trabajo que hacen para mantener la seguridad y tranquilidad en Yucat\u00e1n.<\/p>\n<p>El jefe polic\u00edaco por primera vez se refiri\u00f3 p\u00fablicamente al uso de las redes sociales para denostar el trabajo de los uniformados.<\/p>\n<p>\u00abEl polic\u00eda sabe que muchas veces por cumplir y hacer cumplir la Ley va a recibir incomprensi\u00f3n y hasta ofensas&#8230;las redes sociales han sido un canal para dirigir todo tipo de comentarios contra los elementos policiales\u00bb -se\u00f1al\u00f3 el jefe polic\u00edaco el s\u00e1bado por la noche tras recibir la Medalla \u201cDr. Carlos Canseco\u201d del Club Rotario M\u00e9rida Itzaes.<\/p>\n<p>\u00abComo compa\u00f1ero y jefe de los polic\u00edas estatales, como mando coordinado y compa\u00f1ero solidario de los elementos municipales, quiero desde aqu\u00ed, exhortar a la ciudadan\u00eda yucateca a valorar en su justa dimensi\u00f3n el ambiente de seguridad que hoy en d\u00eda tenemos y que en otras partes del pa\u00eds desafortunadamente a\u00fan no se logra\u00bb -reiter\u00f3 durante su discurso.<\/p>\n<p>Said\u00e9n Ojeda dijo que es alentador escuchar cuando personas de otros estados de la Rep\u00fablica y de otros pa\u00edses, destacan la seguridad como uno de los valores que m\u00e1s aprecian de Yucat\u00e1n y retornan a sus lugares de origen reconocidos de ello.<\/p>\n<p>\u00abEn verdad me gustar\u00eda que los yucatecos nos di\u00e9ramos cuenta con m\u00e1s claridad de lo que tenemos\u00bb -subray\u00f3 en\u00e9rgicamente al tiempo que aclaraba que \u00abno estoy diciendo que la seguridad sea resultado exclusivo del trabajo del Gobierno\u00bb<\/p>\n<p>\u00abNo, la seguridad es en gran medida producto de la forma de ser y de actuar de la sociedad. Sin una sociedad como la nuestra, amante y defensora de la paz, no tendr\u00edamos lo que tenemos. Eso no tiene discusi\u00f3n\u00bb -continu\u00f3 ante el aplauso de la concurrencia al evento.<\/p>\n<p>\u00abPero la seguridad de Yucat\u00e1n, amigas y amigos, tambi\u00e9n se la debemos a las y los polic\u00edas; sin falsas modestias les digo que sin una Polic\u00eda como la que tiene Yucat\u00e1n, arraigada a su tierra y bien capacitada y equipada, tampoco tendr\u00edamos lo que tenemos\u00bb -Precis\u00f3 de nuevo ante otra carretada de aplausos.<br \/>\nY una vez encarrilado, Said\u00e9n dijo que \u00abtampoco trato de que crean que tenemos una Polic\u00eda perfecta. Somos los primeros en reconocer e incentivar las buenas acciones de los elementos y somos los primeros tambi\u00e9n en sancionar las conductas inapropiadas o il\u00edcitas\u00bb<\/p>\n<p>\u00abPero hago un llamado a todos ustedes a confiar en su Polic\u00eda, a valorar el trabajo de mujeres y hombres que entregan lo mejor de s\u00ed para cuidar a Yucat\u00e1n\u00bb -finalizando con ello su discurso, agradeciendo a los presentes por prestarle atenci\u00f3n a sus se\u00f1alamientos.<\/p>\n<p>El jefe polic\u00edaco, al aceptar el reconocimiento, dijo que \u00e9ste en realidad es para todos los elementos de la corporaci\u00f3n a su cargo porque \u00abse entregan diariamente al servicio con vocaci\u00f3n, con pasi\u00f3n y con un creciente profesionalismo\u00bb.<\/p>\n","protected":false},"excerpt":{"rendered":"<p>Pese a que mucho tiempo ha guardado silencio cuando se hacen se\u00f1alamientos infundados contra sus elementos, este fin de semana el titular de la SSP, Luis Felipe Said\u00e9n Ojeda, alz\u00f3<\/p>\n","protected":false},"author":1,"featured_media":54826,"comment_status":"open","ping_status":"open","sticky":false,"template":"","format":"standard","meta":{"jetpack_post_was_ever_published":false,"_jetpack_newsletter_access":"","_jetpack_dont_email_post_to_subs":false,"_jetpack_newsletter_tier_id":0,"_jetpack_memberships_contains_paywalled_content":false,"_jetpack_memberships_contains_paid_content":false,"footnotes":"","jetpack_publicize_message":"","jetpack_publicize_feature_enabled":true,"jetpack_social_post_already_shared":true,"jetpack_social_options":{"image_generator_settings":{"template":"highway","default_image_id":0,"font":"","enabled":false},"version":2}},"categories":[3],"tags":[],"class_list":["post-54825","post","type-post","status-publish","format-standard","has-post-thumbnail","hentry","category-portada"],"jetpack_publicize_connections":[],"jetpack_featured_media_url":"https:\/\/formalprision.com\/wp-content\/uploads\/2017\/03\/IMG_3203-e1489427370365.jpg","jetpack_sharing_enabled":true,"jetpack_shortlink":"https:\/\/wp.me\/p6id8p-egh","_links":{"self":[{"href":"https:\/\/formalprision.com\/index.php?rest_route=\/wp\/v2\/posts\/54825","targetHints":{"allow":["GET"]}}],"collection":[{"href":"https:\/\/formalprision.com\/index.php?rest_route=\/wp\/v2\/posts"}],"about":[{"href":"https:\/\/formalprision.com\/index.php?rest_route=\/wp\/v2\/types\/post"}],"author":[{"embeddable":true,"href":"https:\/\/formalprision.com\/index.php?rest_route=\/wp\/v2\/users\/1"}],"replies":[{"embeddable":true,"href":"https:\/\/formalprision.com\/index.php?rest_route=%2Fwp%2Fv2%2Fcomments&post=54825"}],"version-history":[{"count":0,"href":"https:\/\/formalprision.com\/index.php?rest_route=\/wp\/v2\/posts\/54825\/revisions"}],"wp:featuredmedia":[{"embeddable":true,"href":"https:\/\/formalprision.com\/index.php?rest_route=\/wp\/v2\/media\/54826"}],"wp:attachment":[{"href":"https:\/\/formalprision.com\/index.php?rest_route=%2Fwp%2Fv2%2Fmedia&parent=54825"}],"wp:term":[{"taxonomy":"category","embeddable":true,"href":"https:\/\/formalprision.com\/index.php?rest_route=%2Fwp%2Fv2%2Fcategories&post=54825"},{"taxonomy":"post_tag","embeddable":true,"href":"https:\/\/formalprision.com\/index.php?rest_route=%2Fwp%2Fv2%2Ftags&post=54825"}],"curies":[{"name":"wp","href":"https:\/\/api.w.org\/{rel}","templated":true}]}}